{"id":4567,"date":"2023-11-29T12:28:47","date_gmt":"2023-11-29T11:28:47","guid":{"rendered":"https:\/\/37.148.206.186\/?p=4567"},"modified":"2023-11-29T12:28:48","modified_gmt":"2023-11-29T11:28:48","slug":"power-tornyok-elso-alacsony-szintu-hozzaferes-nyilt-napja","status":"publish","type":"post","link":"https:\/\/powertowers.com\/hu\/power-towers-first-low-level-access-open-day\/","title":{"rendered":"Power Towers els\u0151 alacsony szint\u0171 hozz\u00e1f\u00e9r\u00e9si ny\u00edlt napja!"},"content":{"rendered":"<p>Okt\u00f3ber 31-\u00e9n<sup>st<\/sup>, megnyitottuk leicesteri gy\u00e1runk kapuit egy 3 napos rendezv\u00e9nyre, amelyen k\u00fcl\u00f6nb\u00f6z\u0151 ipar\u00e1gak alacsony szint\u0171 hozz\u00e1f\u00e9r\u00e9si szakemberei vettek r\u00e9szt. Ez az esem\u00e9ny egyed\u00fcl\u00e1ll\u00f3 lehet\u0151s\u00e9g volt a hasonl\u00f3an gondolkod\u00f3 szakemberek sz\u00e1m\u00e1ra, hogy kapcsolatot teremtsenek, tanuljanak \u00e9s elk\u00f6telez\u0151djenek. Ez a cikk az esem\u00e9ny n\u00e9h\u00e1ny legizgalmasabb f\u00e9nypontj\u00e1r\u00f3l sz\u00e1molt be.<\/p>\n\n\n<div class=\"wp-block-image\">\n<figure class=\"aligncenter size-large is-resized\"><img fetchpriority=\"high\" decoding=\"async\" width=\"1024\" height=\"586\" src=\"https:\/\/37.148.206.186\/wp-content\/uploads\/2023\/11\/1698765529279-1024x586.jpg\" alt=\"Ecolift \u00e9s Pecolift a Power Towers alacsony szint\u0171 hozz\u00e1f\u00e9r\u00e9si napon\" class=\"wp-image-4568\" style=\"width:634px;height:auto\" srcset=\"https:\/\/powertowers.com\/wp-content\/uploads\/2023\/11\/1698765529279-1024x586.jpg 1024w, https:\/\/powertowers.com\/wp-content\/uploads\/2023\/11\/1698765529279-300x172.jpg 300w, https:\/\/powertowers.com\/wp-content\/uploads\/2023\/11\/1698765529279-768x439.jpg 768w, https:\/\/powertowers.com\/wp-content\/uploads\/2023\/11\/1698765529279-18x10.jpg 18w, https:\/\/powertowers.com\/wp-content\/uploads\/2023\/11\/1698765529279.jpg 1170w\" sizes=\"(max-width: 1024px) 100vw, 1024px\" \/><\/figure>\n<\/div>\n\n\n<p><\/p>\n\n\n\n<h2 class=\"wp-block-heading\"><strong>1. \u00daj term\u00e9k- \u00e9s technol\u00f3giai bemutat\u00f3k<\/strong><\/h2>\n\n\n\n<p>A Power Towersn\u00e9l elk\u00f6telezettek vagyunk az innov\u00e1ci\u00f3 hat\u00e1rainak feszeget\u00e9se ir\u00e1nt az alacsony szint\u0171 hozz\u00e1f\u00e9r\u00e9si ipar\u00e1gban. A ny\u00edlt nap sor\u00e1n a r\u00e9sztvev\u0151knek lehet\u0151s\u00e9g\u00fck ny\u00edlt arra, hogy \u00e9l\u0151ben is szemtan\u00fai legyenek leg\u00fajabb term\u00e9keink \u00e9s protot\u00edpusaink bemutat\u00f3inak. Ezek a bemutat\u00f3k az \u00faj aj\u00e1nlataink fejlett funkci\u00f3it, biztons\u00e1gi fejleszt\u00e9seit \u00e9s jobb hat\u00e9konys\u00e1g\u00e1t mutatt\u00e1k be.<\/p>\n\n\n<div class=\"wp-block-image\">\n<figure class=\"aligncenter size-large is-resized\"><img decoding=\"async\" width=\"947\" height=\"1024\" src=\"https:\/\/37.148.206.186\/wp-content\/uploads\/2023\/11\/1699012247349-947x1024.jpg\" alt=\"LLA Open Day term\u00e9kir\u00e1nyzat bemutat\u00f3\" class=\"wp-image-4570\" style=\"width:371px;height:auto\" srcset=\"https:\/\/powertowers.com\/wp-content\/uploads\/2023\/11\/1699012247349-947x1024.jpg 947w, https:\/\/powertowers.com\/wp-content\/uploads\/2023\/11\/1699012247349-277x300.jpg 277w, https:\/\/powertowers.com\/wp-content\/uploads\/2023\/11\/1699012247349-768x831.jpg 768w, https:\/\/powertowers.com\/wp-content\/uploads\/2023\/11\/1699012247349-11x12.jpg 11w, https:\/\/powertowers.com\/wp-content\/uploads\/2023\/11\/1699012247349.jpg 1420w\" sizes=\"(max-width: 947px) 100vw, 947px\" \/><\/figure>\n<\/div>\n\n\n<h2 class=\"wp-block-heading\"><strong>2. 2024 \u00daj term\u00e9kir\u00e1nyzat bemutat\u00e1sa<\/strong><\/h2>\n\n\n\n<p>A vez\u00e9rigazgat\u00f3 bemutatta a 2024-es \u00faj term\u00e9kfejleszt\u00e9s (NPD) ir\u00e1ny\u00e1t. Ez az \u00e9lesl\u00e1t\u00f3 el\u0151ad\u00e1s bepillant\u00e1st engedett abba, hogy az alacsony szint\u0171 szakemberek milyen el\u0151rel\u00e9p\u00e9sekre sz\u00e1m\u00edthatnak a k\u00f6zelj\u00f6v\u0151ben.<\/p>\n\n\n\n<h2 class=\"wp-block-heading\"><strong>3. Gy\u00e1ri t\u00fara<\/strong><\/h2>\n\n\n\n<p>A Power Towers megh\u00edvta a l\u00e1togat\u00f3kat, hogy l\u00e9pjenek be a kulissz\u00e1k m\u00f6g\u00e9, \u00e9s fedezz\u00e9k fel a Power Towers m\u0171k\u00f6d\u00e9s\u00e9nek sz\u00edv\u00e9t. Gy\u00e1ri t\u00far\u00e1nk bemutatta a gy\u00e1rt\u00e1si folyamatot, a min\u0151s\u00e9gellen\u0151rz\u00e9st \u00e9s a tesztel\u00e9si elj\u00e1r\u00e1sokat, amelyek biztos\u00edtj\u00e1k, hogy term\u00e9keink megfeleljenek a legmagasabb k\u00f6vetelm\u00e9nyeknek. Vend\u00e9geink m\u00e9lyebb meg\u00e9rt\u00e9st nyertek arr\u00f3l, hogyan k\u00e9sz\u00fclnek a Power Towers term\u00e9kek, \u00e9s milyen min\u0151s\u00e9gi ellen\u0151rz\u00e9seken mennek kereszt\u00fcl, miel\u0151tt piacra ker\u00fclnek.<\/p>\n\n\n\n<h2 class=\"wp-block-heading\"><strong>4. H\u00e1l\u00f3zati lehet\u0151s\u00e9gek<\/strong><\/h2>\n\n\n\n<p>Az ipar\u00e1gi rendezv\u00e9nyeken val\u00f3 r\u00e9szv\u00e9tel egyik legjelent\u0151sebb el\u0151nye, hogy lehet\u0151s\u00e9get biztos\u00edt a k\u00f6z\u00f6s szenved\u00e9lyeket \u00e9s \u00e9rdekl\u0151d\u00e9si k\u00f6r\u00f6ket oszt\u00f3 koll\u00e9g\u00e1kkal \u00e9s szakemberekkel val\u00f3 kapcsolatteremt\u00e9sre. A Power Towers Low-Level Access Open Day b\u0151s\u00e9ges kapcsolat\u00e9p\u00edt\u00e9si lehet\u0151s\u00e9get biztos\u00edtott, \u00e9s lehet\u0151s\u00e9get adott a r\u00e9sztvev\u0151knek arra, hogy kicser\u00e9lj\u00e9k \u00f6tleteiket, tapasztalataikat \u00e9s megl\u00e1t\u00e1saikat a szakmabeliekkel.<\/p>\n\n\n<div class=\"wp-block-image\">\n<figure class=\"aligncenter size-large is-resized\"><img decoding=\"async\" width=\"993\" height=\"1024\" src=\"https:\/\/37.148.206.186\/wp-content\/uploads\/2023\/11\/1699012248669-993x1024.jpg\" alt=\"Alacsony szint\u0171 hozz\u00e1f\u00e9r\u00e9s ny\u00edlt nap Power Towers mobil emel\u0151\u00e1llv\u00e1nyok sorozata\" class=\"wp-image-4569\" style=\"width:431px;height:auto\" srcset=\"https:\/\/powertowers.com\/wp-content\/uploads\/2023\/11\/1699012248669-993x1024.jpg 993w, https:\/\/powertowers.com\/wp-content\/uploads\/2023\/11\/1699012248669-291x300.jpg 291w, https:\/\/powertowers.com\/wp-content\/uploads\/2023\/11\/1699012248669-768x792.jpg 768w, https:\/\/powertowers.com\/wp-content\/uploads\/2023\/11\/1699012248669-12x12.jpg 12w, https:\/\/powertowers.com\/wp-content\/uploads\/2023\/11\/1699012248669.jpg 1489w\" sizes=\"(max-width: 993px) 100vw, 993px\" \/><\/figure>\n<\/div>\n\n\n<h2 class=\"wp-block-heading\"><strong>K\u00f6vetkeztet\u00e9s<\/strong><\/h2>\n\n\n\n<p>A Power Towers Low-Level Access Open Day volt a k\u00eds\u00e9rleti rendezv\u00e9ny\u00fcnk, \u00e9s rendk\u00edv\u00fcl el\u00e9gedettek voltunk a r\u00e9szv\u00e9tellel.  H\u00e1l\u00e1sak voltunk az \u00e9rt\u00e9kes visszajelz\u00e9sek\u00e9rt is, amelyeket \u00fcgyfeleink osztottak meg vel\u00fcnk az esem\u00e9ny sor\u00e1n. <\/p>\n\n\n\n<p>Ha az els\u0151k k\u00f6z\u00f6tt szeretne \u00e9rtes\u00fclni a Power Towers \u00fajdons\u00e1gair\u00f3l, iratkozzon fel h\u00edrlevel\u00fcnkre \u00e9s k\u00f6vessen minket a k\u00f6vetkez\u0151 oldalakon<a href=\"https:\/\/www.linkedin.com\/company\/22152427\/admin\/feed\/posts\/\"> LinkedIn<\/a>! <\/p>\n\n\n\n<p>Tudjon meg t\u00f6bbet a Power Towers mobil emel\u0151\u00e1llv\u00e1nyok k\u00edn\u00e1lat\u00e1r\u00f3l: <a href=\"https:\/\/37.148.206.186\/mobile-elevating-platforms\/\">Felj\u00e1r\u00f3\u00e1llv\u00e1nyok - Munka\u00e1llv\u00e1nyok v\u00e1s\u00e1rl\u00e1sa | Power Towers<\/a><\/p>","protected":false},"excerpt":{"rendered":"<p>Okt\u00f3ber 31-\u00e9n megnyitottuk leicesteri gy\u00e1runk kapuit egy 3 napos rendezv\u00e9nyre, amelyen k\u00fcl\u00f6nb\u00f6z\u0151 ipar\u00e1gak alacsony szint\u0171 hozz\u00e1f\u00e9r\u00e9si szakemberei vettek r\u00e9szt. Ez az esem\u00e9ny egyed\u00fcl\u00e1ll\u00f3 lehet\u0151s\u00e9g volt a hasonl\u00f3an gondolkod\u00f3 szakemberek sz\u00e1m\u00e1ra, hogy kapcsolatot teremtsenek, tanuljanak \u00e9s elk\u00f6telez\u0151djenek. Ez a cikk az esem\u00e9ny n\u00e9h\u00e1ny legizgalmasabb f\u00e9nypontj\u00e1r\u00f3l sz\u00e1molt be. 1. \u00daj term\u00e9k- \u00e9s technol\u00f3giai bemutat\u00f3k ... <\/p>\n<p class=\"link-more\"><a href=\"https:\/\/powertowers.com\/hu\/power-towers-first-low-level-access-open-day\/\" class=\"more-link\"><span class=\"screen-reader-text\">\"A Power Towers els\u0151 alacsony szint\u0171 hozz\u00e1f\u00e9r\u00e9si ny\u00edlt napja!\"<\/span> b\u0151vebben<\/a><\/p>","protected":false},"author":5,"featured_media":4571,"comment_status":"closed","ping_status":"open","sticky":false,"template":"","format":"standard","meta":{"content-type":"","footnotes":""},"categories":[9],"tags":[],"class_list":["post-4567","post","type-post","status-publish","format-standard","has-post-thumbnail","hentry","category-power-towers","entry"],"yoast_head":"<!-- This site is optimized with the Yoast SEO plugin v27.4 - https:\/\/yoast.com\/product\/yoast-seo-wordpress\/ -->\n<title>Power Towers&#039; First Low-Level Access Open Day! - Power Towers<\/title>\n<meta name=\"description\" content=\"On October 31st, Power Towers hosted first Low-Level Access Open Day at our factory in Leicester for specialists from various industries.\" \/>\n<meta name=\"robots\" content=\"index, follow, max-snippet:-1, max-image-preview:large, max-video-preview:-1\" \/>\n<link rel=\"canonical\" href=\"https:\/\/powertowers.com\/hu\/power-tornyok-elso-alacsony-szintu-hozzaferes-nyilt-napja\/\" \/>\n<meta property=\"og:locale\" content=\"hu_HU\" \/>\n<meta property=\"og:type\" content=\"article\" \/>\n<meta property=\"og:title\" content=\"Power Towers&#039; First Low-Level Access Open Day! - Power Towers\" \/>\n<meta property=\"og:description\" content=\"On October 31st, Power Towers hosted first Low-Level Access Open Day at our factory in Leicester for specialists from various industries.\" \/>\n<meta property=\"og:url\" content=\"https:\/\/powertowers.com\/hu\/power-tornyok-elso-alacsony-szintu-hozzaferes-nyilt-napja\/\" \/>\n<meta property=\"og:site_name\" content=\"Power Towers\" \/>\n<meta property=\"article:published_time\" content=\"2023-11-29T11:28:47+00:00\" \/>\n<meta property=\"article:modified_time\" content=\"2023-11-29T11:28:48+00:00\" \/>\n<meta property=\"og:image\" content=\"https:\/\/powertowers.com\/wp-content\/uploads\/2023\/11\/1698765529101.jpg\" \/>\n\t<meta property=\"og:image:width\" content=\"1170\" \/>\n\t<meta property=\"og:image:height\" content=\"640\" \/>\n\t<meta property=\"og:image:type\" content=\"image\/jpeg\" \/>\n<meta name=\"author\" content=\"Yulia Lubetska\" \/>\n<meta name=\"twitter:card\" content=\"summary_large_image\" \/>\n<meta name=\"twitter:label1\" content=\"Szerz\u0151:\" \/>\n\t<meta name=\"twitter:data1\" content=\"Yulia Lubetska\" \/>\n\t<meta name=\"twitter:label2\" content=\"Becs\u00fclt olvas\u00e1si id\u0151\" \/>\n\t<meta name=\"twitter:data2\" content=\"3 perc\" \/>\n<script type=\"application\/ld+json\" class=\"yoast-schema-graph\">{\"@context\":\"https:\\\/\\\/schema.org\",\"@graph\":[{\"@type\":\"Article\",\"@id\":\"https:\\\/\\\/powertowers.com\\\/power-towers-first-low-level-access-open-day\\\/#article\",\"isPartOf\":{\"@id\":\"https:\\\/\\\/powertowers.com\\\/power-towers-first-low-level-access-open-day\\\/\"},\"author\":{\"name\":\"Yulia Lubetska\",\"@id\":\"https:\\\/\\\/powertowers.com\\\/nl\\\/#\\\/schema\\\/person\\\/ca50278783201f2c9e8e7d2f99f59804\"},\"headline\":\"Power Towers&#8217; First Low-Level Access Open Day!\",\"datePublished\":\"2023-11-29T11:28:47+00:00\",\"dateModified\":\"2023-11-29T11:28:48+00:00\",\"mainEntityOfPage\":{\"@id\":\"https:\\\/\\\/powertowers.com\\\/power-towers-first-low-level-access-open-day\\\/\"},\"wordCount\":344,\"publisher\":{\"@id\":\"https:\\\/\\\/powertowers.com\\\/nl\\\/#organization\"},\"image\":{\"@id\":\"https:\\\/\\\/powertowers.com\\\/power-towers-first-low-level-access-open-day\\\/#primaryimage\"},\"thumbnailUrl\":\"https:\\\/\\\/powertowers.com\\\/wp-content\\\/uploads\\\/2023\\\/11\\\/1698765529101.jpg\",\"articleSection\":[\"Power Towers\"],\"inLanguage\":\"hu\"},{\"@type\":\"WebPage\",\"@id\":\"https:\\\/\\\/powertowers.com\\\/power-towers-first-low-level-access-open-day\\\/\",\"url\":\"https:\\\/\\\/powertowers.com\\\/power-towers-first-low-level-access-open-day\\\/\",\"name\":\"Power Towers' First Low-Level Access Open Day! - Power Towers\",\"isPartOf\":{\"@id\":\"https:\\\/\\\/powertowers.com\\\/nl\\\/#website\"},\"primaryImageOfPage\":{\"@id\":\"https:\\\/\\\/powertowers.com\\\/power-towers-first-low-level-access-open-day\\\/#primaryimage\"},\"image\":{\"@id\":\"https:\\\/\\\/powertowers.com\\\/power-towers-first-low-level-access-open-day\\\/#primaryimage\"},\"thumbnailUrl\":\"https:\\\/\\\/powertowers.com\\\/wp-content\\\/uploads\\\/2023\\\/11\\\/1698765529101.jpg\",\"datePublished\":\"2023-11-29T11:28:47+00:00\",\"dateModified\":\"2023-11-29T11:28:48+00:00\",\"description\":\"On October 31st, Power Towers hosted first Low-Level Access Open Day at our factory in Leicester for specialists from various industries.\",\"breadcrumb\":{\"@id\":\"https:\\\/\\\/powertowers.com\\\/power-towers-first-low-level-access-open-day\\\/#breadcrumb\"},\"inLanguage\":\"hu\",\"potentialAction\":[{\"@type\":\"ReadAction\",\"target\":[\"https:\\\/\\\/powertowers.com\\\/power-towers-first-low-level-access-open-day\\\/\"]}]},{\"@type\":\"ImageObject\",\"inLanguage\":\"hu\",\"@id\":\"https:\\\/\\\/powertowers.com\\\/power-towers-first-low-level-access-open-day\\\/#primaryimage\",\"url\":\"https:\\\/\\\/powertowers.com\\\/wp-content\\\/uploads\\\/2023\\\/11\\\/1698765529101.jpg\",\"contentUrl\":\"https:\\\/\\\/powertowers.com\\\/wp-content\\\/uploads\\\/2023\\\/11\\\/1698765529101.jpg\",\"width\":1170,\"height\":640,\"caption\":\"JLG Power Towers stand\"},{\"@type\":\"BreadcrumbList\",\"@id\":\"https:\\\/\\\/powertowers.com\\\/power-towers-first-low-level-access-open-day\\\/#breadcrumb\",\"itemListElement\":[{\"@type\":\"ListItem\",\"position\":1,\"name\":\"Home\",\"item\":\"https:\\\/\\\/powertowers.com\\\/nl\\\/\"},{\"@type\":\"ListItem\",\"position\":2,\"name\":\"Power Towers&#8217; First Low-Level Access Open Day!\"}]},{\"@type\":\"WebSite\",\"@id\":\"https:\\\/\\\/powertowers.com\\\/nl\\\/#website\",\"url\":\"https:\\\/\\\/powertowers.com\\\/nl\\\/\",\"name\":\"Power Towers\",\"description\":\"The alternative to ladders, podiums and scaffolding.\",\"publisher\":{\"@id\":\"https:\\\/\\\/powertowers.com\\\/nl\\\/#organization\"},\"potentialAction\":[{\"@type\":\"SearchAction\",\"target\":{\"@type\":\"EntryPoint\",\"urlTemplate\":\"https:\\\/\\\/powertowers.com\\\/nl\\\/?s={search_term_string}\"},\"query-input\":{\"@type\":\"PropertyValueSpecification\",\"valueRequired\":true,\"valueName\":\"search_term_string\"}}],\"inLanguage\":\"hu\"},{\"@type\":\"Organization\",\"@id\":\"https:\\\/\\\/powertowers.com\\\/nl\\\/#organization\",\"name\":\"Power Towers Ltd.\",\"url\":\"https:\\\/\\\/powertowers.com\\\/nl\\\/\",\"logo\":{\"@type\":\"ImageObject\",\"inLanguage\":\"hu\",\"@id\":\"https:\\\/\\\/powertowers.com\\\/nl\\\/#\\\/schema\\\/logo\\\/image\\\/\",\"url\":\"https:\\\/\\\/37.148.206.186\\\/wp-content\\\/uploads\\\/2021\\\/12\\\/power-towers-new-logo-outline-1024px.png\",\"contentUrl\":\"https:\\\/\\\/37.148.206.186\\\/wp-content\\\/uploads\\\/2021\\\/12\\\/power-towers-new-logo-outline-1024px.png\",\"width\":1024,\"height\":209,\"caption\":\"Power Towers Ltd.\"},\"image\":{\"@id\":\"https:\\\/\\\/powertowers.com\\\/nl\\\/#\\\/schema\\\/logo\\\/image\\\/\"}},{\"@type\":\"Person\",\"@id\":\"https:\\\/\\\/powertowers.com\\\/nl\\\/#\\\/schema\\\/person\\\/ca50278783201f2c9e8e7d2f99f59804\",\"name\":\"Yulia Lubetska\",\"image\":{\"@type\":\"ImageObject\",\"inLanguage\":\"hu\",\"@id\":\"https:\\\/\\\/secure.gravatar.com\\\/avatar\\\/b1eb6511e352ec1361b66796587d03ccf5c6ad02ce6c813d72bfa2df7938c7f1?s=96&d=mm&r=g\",\"url\":\"https:\\\/\\\/secure.gravatar.com\\\/avatar\\\/b1eb6511e352ec1361b66796587d03ccf5c6ad02ce6c813d72bfa2df7938c7f1?s=96&d=mm&r=g\",\"contentUrl\":\"https:\\\/\\\/secure.gravatar.com\\\/avatar\\\/b1eb6511e352ec1361b66796587d03ccf5c6ad02ce6c813d72bfa2df7938c7f1?s=96&d=mm&r=g\",\"caption\":\"Yulia Lubetska\"},\"url\":\"https:\\\/\\\/powertowers.com\\\/hu\\\/author\\\/yulia-pt\\\/\"}]}<\/script>\n<!-- \/ Yoast SEO plugin. -->","yoast_head_json":{"title":"Power Towers els\u0151 alacsony szint\u0171 hozz\u00e1f\u00e9r\u00e9si ny\u00edlt napja! - Power Towers","description":"Okt\u00f3ber 31-\u00e9n a Power Towers els\u0151 alkalommal rendezett alacsony szint\u0171 hozz\u00e1f\u00e9r\u00e9si ny\u00edlt napot leicesteri gy\u00e1runkban k\u00fcl\u00f6nb\u00f6z\u0151 ipar\u00e1gak szakemberei sz\u00e1m\u00e1ra.","robots":{"index":"index","follow":"follow","max-snippet":"max-snippet:-1","max-image-preview":"max-image-preview:large","max-video-preview":"max-video-preview:-1"},"canonical":"https:\/\/powertowers.com\/hu\/power-tornyok-elso-alacsony-szintu-hozzaferes-nyilt-napja\/","og_locale":"hu_HU","og_type":"article","og_title":"Power Towers' First Low-Level Access Open Day! - Power Towers","og_description":"On October 31st, Power Towers hosted first Low-Level Access Open Day at our factory in Leicester for specialists from various industries.","og_url":"https:\/\/powertowers.com\/hu\/power-tornyok-elso-alacsony-szintu-hozzaferes-nyilt-napja\/","og_site_name":"Power Towers","article_published_time":"2023-11-29T11:28:47+00:00","article_modified_time":"2023-11-29T11:28:48+00:00","og_image":[{"width":1170,"height":640,"url":"https:\/\/powertowers.com\/wp-content\/uploads\/2023\/11\/1698765529101.jpg","type":"image\/jpeg"}],"author":"Yulia Lubetska","twitter_card":"summary_large_image","twitter_misc":{"Szerz\u0151:":"Yulia Lubetska","Becs\u00fclt olvas\u00e1si id\u0151":"3 perc"},"schema":{"@context":"https:\/\/schema.org","@graph":[{"@type":"Article","@id":"https:\/\/powertowers.com\/power-towers-first-low-level-access-open-day\/#article","isPartOf":{"@id":"https:\/\/powertowers.com\/power-towers-first-low-level-access-open-day\/"},"author":{"name":"Yulia Lubetska","@id":"https:\/\/powertowers.com\/nl\/#\/schema\/person\/ca50278783201f2c9e8e7d2f99f59804"},"headline":"Power Towers&#8217; First Low-Level Access Open Day!","datePublished":"2023-11-29T11:28:47+00:00","dateModified":"2023-11-29T11:28:48+00:00","mainEntityOfPage":{"@id":"https:\/\/powertowers.com\/power-towers-first-low-level-access-open-day\/"},"wordCount":344,"publisher":{"@id":"https:\/\/powertowers.com\/nl\/#organization"},"image":{"@id":"https:\/\/powertowers.com\/power-towers-first-low-level-access-open-day\/#primaryimage"},"thumbnailUrl":"https:\/\/powertowers.com\/wp-content\/uploads\/2023\/11\/1698765529101.jpg","articleSection":["Power Towers"],"inLanguage":"hu"},{"@type":"WebPage","@id":"https:\/\/powertowers.com\/power-towers-first-low-level-access-open-day\/","url":"https:\/\/powertowers.com\/power-towers-first-low-level-access-open-day\/","name":"Power Towers els\u0151 alacsony szint\u0171 hozz\u00e1f\u00e9r\u00e9si ny\u00edlt napja! - Power Towers","isPartOf":{"@id":"https:\/\/powertowers.com\/nl\/#website"},"primaryImageOfPage":{"@id":"https:\/\/powertowers.com\/power-towers-first-low-level-access-open-day\/#primaryimage"},"image":{"@id":"https:\/\/powertowers.com\/power-towers-first-low-level-access-open-day\/#primaryimage"},"thumbnailUrl":"https:\/\/powertowers.com\/wp-content\/uploads\/2023\/11\/1698765529101.jpg","datePublished":"2023-11-29T11:28:47+00:00","dateModified":"2023-11-29T11:28:48+00:00","description":"Okt\u00f3ber 31-\u00e9n a Power Towers els\u0151 alkalommal rendezett alacsony szint\u0171 hozz\u00e1f\u00e9r\u00e9si ny\u00edlt napot leicesteri gy\u00e1runkban k\u00fcl\u00f6nb\u00f6z\u0151 ipar\u00e1gak szakemberei sz\u00e1m\u00e1ra.","breadcrumb":{"@id":"https:\/\/powertowers.com\/power-towers-first-low-level-access-open-day\/#breadcrumb"},"inLanguage":"hu","potentialAction":[{"@type":"ReadAction","target":["https:\/\/powertowers.com\/power-towers-first-low-level-access-open-day\/"]}]},{"@type":"ImageObject","inLanguage":"hu","@id":"https:\/\/powertowers.com\/power-towers-first-low-level-access-open-day\/#primaryimage","url":"https:\/\/powertowers.com\/wp-content\/uploads\/2023\/11\/1698765529101.jpg","contentUrl":"https:\/\/powertowers.com\/wp-content\/uploads\/2023\/11\/1698765529101.jpg","width":1170,"height":640,"caption":"JLG Power Towers stand"},{"@type":"BreadcrumbList","@id":"https:\/\/powertowers.com\/power-towers-first-low-level-access-open-day\/#breadcrumb","itemListElement":[{"@type":"ListItem","position":1,"name":"Home","item":"https:\/\/powertowers.com\/nl\/"},{"@type":"ListItem","position":2,"name":"Power Towers&#8217; First Low-Level Access Open Day!"}]},{"@type":"WebSite","@id":"https:\/\/powertowers.com\/nl\/#website","url":"https:\/\/powertowers.com\/nl\/","name":"Power Towers","description":"A l\u00e9tr\u00e1k, p\u00f3diumok \u00e9s \u00e1llv\u00e1nyok alternat\u00edv\u00e1ja.","publisher":{"@id":"https:\/\/powertowers.com\/nl\/#organization"},"potentialAction":[{"@type":"SearchAction","target":{"@type":"EntryPoint","urlTemplate":"https:\/\/powertowers.com\/nl\/?s={search_term_string}"},"query-input":{"@type":"PropertyValueSpecification","valueRequired":true,"valueName":"search_term_string"}}],"inLanguage":"hu"},{"@type":"Organization","@id":"https:\/\/powertowers.com\/nl\/#organization","name":"Power Towers Ltd.","url":"https:\/\/powertowers.com\/nl\/","logo":{"@type":"ImageObject","inLanguage":"hu","@id":"https:\/\/powertowers.com\/nl\/#\/schema\/logo\/image\/","url":"https:\/\/37.148.206.186\/wp-content\/uploads\/2021\/12\/power-towers-new-logo-outline-1024px.png","contentUrl":"https:\/\/37.148.206.186\/wp-content\/uploads\/2021\/12\/power-towers-new-logo-outline-1024px.png","width":1024,"height":209,"caption":"Power Towers Ltd."},"image":{"@id":"https:\/\/powertowers.com\/nl\/#\/schema\/logo\/image\/"}},{"@type":"Person","@id":"https:\/\/powertowers.com\/nl\/#\/schema\/person\/ca50278783201f2c9e8e7d2f99f59804","name":"Yulia Lubetska","image":{"@type":"ImageObject","inLanguage":"hu","@id":"https:\/\/secure.gravatar.com\/avatar\/b1eb6511e352ec1361b66796587d03ccf5c6ad02ce6c813d72bfa2df7938c7f1?s=96&d=mm&r=g","url":"https:\/\/secure.gravatar.com\/avatar\/b1eb6511e352ec1361b66796587d03ccf5c6ad02ce6c813d72bfa2df7938c7f1?s=96&d=mm&r=g","contentUrl":"https:\/\/secure.gravatar.com\/avatar\/b1eb6511e352ec1361b66796587d03ccf5c6ad02ce6c813d72bfa2df7938c7f1?s=96&d=mm&r=g","caption":"Yulia Lubetska"},"url":"https:\/\/powertowers.com\/hu\/author\/yulia-pt\/"}]}},"_links":{"self":[{"href":"https:\/\/powertowers.com\/hu\/wp-json\/wp\/v2\/posts\/4567","targetHints":{"allow":["GET"]}}],"collection":[{"href":"https:\/\/powertowers.com\/hu\/wp-json\/wp\/v2\/posts"}],"about":[{"href":"https:\/\/powertowers.com\/hu\/wp-json\/wp\/v2\/types\/post"}],"author":[{"embeddable":true,"href":"https:\/\/powertowers.com\/hu\/wp-json\/wp\/v2\/users\/5"}],"replies":[{"embeddable":true,"href":"https:\/\/powertowers.com\/hu\/wp-json\/wp\/v2\/comments?post=4567"}],"version-history":[{"count":8,"href":"https:\/\/powertowers.com\/hu\/wp-json\/wp\/v2\/posts\/4567\/revisions"}],"predecessor-version":[{"id":4579,"href":"https:\/\/powertowers.com\/hu\/wp-json\/wp\/v2\/posts\/4567\/revisions\/4579"}],"wp:featuredmedia":[{"embeddable":true,"href":"https:\/\/powertowers.com\/hu\/wp-json\/wp\/v2\/media\/4571"}],"wp:attachment":[{"href":"https:\/\/powertowers.com\/hu\/wp-json\/wp\/v2\/media?parent=4567"}],"wp:term":[{"taxonomy":"category","embeddable":true,"href":"https:\/\/powertowers.com\/hu\/wp-json\/wp\/v2\/categories?post=4567"},{"taxonomy":"post_tag","embeddable":true,"href":"https:\/\/powertowers.com\/hu\/wp-json\/wp\/v2\/tags?post=4567"}],"curies":[{"name":"wp","href":"https:\/\/api.w.org\/{rel}","templated":true}]}}