{"id":3041,"date":"2023-03-15T10:57:26","date_gmt":"2023-03-15T09:57:26","guid":{"rendered":"https:\/\/37.148.206.186\/?p=3041"},"modified":"2023-03-15T11:36:05","modified_gmt":"2023-03-15T10:36:05","slug":"a-peco-dc-t-az-adatkozpontok-vilagaban-mutattak-be","status":"publish","type":"post","link":"https:\/\/powertowers.com\/hu\/peco-dc-was-presented-at-data-center-world\/","title":{"rendered":"A Peco DC bemutatkozott a Data Center World rendezv\u00e9nyen"},"content":{"rendered":"<p>8-\u00e1n<sup>th<\/sup> \u00e9s 9<sup>th<\/sup> M\u00e1rciusban az ExCeL London adott otthont az \u00e9ves Data Center World rendezv\u00e9nynek. Ez a vil\u00e1g egyik legnagyobb \u00e9s legn\u00e9pszer\u0171bb adatk\u00f6zponti technol\u00f3giai rendezv\u00e9nye. Tov\u00e1bbra is a leg\u00fajabb trendeket \u00e9s megold\u00e1sokat mutatja be, lehet\u0151v\u00e9 t\u00e9ve az adatk\u00f6zpontok sz\u00e1m\u00e1ra, hogy glob\u00e1lis szinten megfeleljenek a r\u00e1juk v\u00e1r\u00f3 kih\u00edv\u00e1soknak. A Data Center World r\u00e9sze az AEO d\u00edjnyertes Tech Show London rendezv\u00e9nysorozatnak, amely \u00f6t vezet\u0151 technol\u00f3giai esem\u00e9nyt egyes\u00edt: Big Data &amp; AI World, Cloud Expo Europe, Cloud &amp; Cyber Security Expo, Data Centre World \u00e9s DevOps Live.&nbsp;<\/p>\n\n\n<div class=\"wp-block-image\">\n<figure class=\"alignright size-full is-resized\"><img fetchpriority=\"high\" decoding=\"async\" src=\"https:\/\/37.148.206.186\/wp-content\/uploads\/2023\/03\/Daxten-show.jpg\" alt=\"\" class=\"wp-image-3042\" width=\"368\" height=\"491\" srcset=\"https:\/\/powertowers.com\/wp-content\/uploads\/2023\/03\/Daxten-show.jpg 768w, https:\/\/powertowers.com\/wp-content\/uploads\/2023\/03\/Daxten-show-225x300.jpg 225w, https:\/\/powertowers.com\/wp-content\/uploads\/2023\/03\/Daxten-show-9x12.jpg 9w\" sizes=\"(max-width: 368px) 100vw, 368px\" \/><\/figure>\n<\/div>\n\n\n<p>A Power Towersnek lehet\u0151s\u00e9ge volt r\u00e9szt venni az esem\u00e9nyen az Egyes\u00fclt Kir\u00e1lys\u00e1gb\u00f3l \u00e9rkez\u0151 partner\u00fcnkkel, a Daxtennel egy\u00fctt. A rendezv\u00e9ny sor\u00e1n a Daxten bemutatta a leg\u00fajabb fejleszt\u00e9seket a k\u00fcldet\u00e9skritikus energiaeloszt\u00e1s, a vezet\u00e9k n\u00e9lk\u00fcli r\u00e1di\u00f3s energiaell\u00e1t\u00e1s \u00e9s a k\u00f6rnyezetfel\u00fcgyeleti rendszerek, valamint a sziv\u00e1rg\u00e1s\u00e9rz\u00e9kel\u0151 rendszerek ter\u00e9n. A Daxten emellett bemutatta a teljesen testreszabhat\u00f3 rack PDU-kat, az ultrakompakt ATS-megold\u00e1sokat, valamint az adat- \u00e9s m\u00e9diamegsemmis\u00edt\u00e9s legjobb gyakorlatait. A bemutat\u00f3 r\u00e9szek\u00e9nt a Daxten bemutatta intelligens eszk\u00f6zeit \u00e9s szolg\u00e1ltat\u00e1sait, amelyek egyszer\u0171s\u00edtik az adatk\u00f6zpontok telep\u00edt\u00e9s\u00e9t, b\u0151v\u00edt\u00e9s\u00e9t \u00e9s karbantart\u00e1s\u00e1t.&nbsp;&nbsp;<\/p>\n\n\n\n<p>A Daxten \u00e9s a Power Towers a londoni rendezv\u00e9nyen mutatta be a Peco DC-t. Ez egy egyed\u00fcl\u00e1ll\u00f3 term\u00e9k, amelyet a Daxtennel egy\u00fcttm\u0171k\u00f6d\u00e9sben hoztak l\u00e9tre, \u00e9s amely megnyerte a <a href=\"https:\/\/37.148.206.186\/the-pecodc-has-been-named-as-data-centre-safety-security-innovation-of-the-year\/\">DCS Awards 2022<\/a> az \"\u00c9v adatk\u00f6zpont-biztons\u00e1gi \u00e9s adatbiztons\u00e1gi innov\u00e1ci\u00f3ja\" kateg\u00f3ri\u00e1ban. A Peco DC-t az adatk\u00f6zpontokban v\u00e9gzett telep\u00edt\u00e9sek, ellen\u0151rz\u00e9sek, karbantart\u00e1sok \u00e9s jav\u00edt\u00e1sok sor\u00e1n az alacsony magass\u00e1gban t\u00f6rt\u00e9n\u0151 munkav\u00e9gz\u00e9s biztons\u00e1gosabb m\u00f3djak\u00e9nt ismert\u00e9k el. Ennek oka, hogy a PecoDC-t kifejezetten az adatk\u00f6zpontok keskeny rackfolyos\u00f3ihoz tervezt\u00e9k, \u00e9s keskenyebb l\u00e1bt\u00e9rrel rendelkezik, mint a szabv\u00e1nyos Pecolift.&nbsp;<\/p>\n\n\n\n<p>Szeretn\u00e9nk k\u00f6sz\u00f6netet mondani mindenkinek, aki r\u00e9szt vett a rendezv\u00e9nyen, tal\u00e1lkozott vel\u00fcnk, megosztotta vel\u00fcnk gondolatait \u00e9s tapasztalatait a m\u00e1rk\u00e1nkkal kapcsolatban.\u00a0\u00a0<\/p>\n\n\n\n<p>Ha b\u00e1rmilyen tov\u00e1bbi k\u00e9rd\u00e9se van, b\u00e1rmikor kapcsolatba l\u00e9phet a Power Towers-szel e-mailben. <a href=\"mailto:sales@powertowers.com\" target=\"_blank\" rel=\"noreferrer noopener\">sales@powertowers.com<\/a>&nbsp; vagy a <a href=\"https:\/\/37.148.206.186\/contact-page\/\">kapcsolatfelv\u00e9teli \u0171rlap<\/a>.<\/p>\n\n\n\n<p>A PecoDc-vel kapcsolatos tov\u00e1bbi inform\u00e1ci\u00f3k a k\u00f6vetkez\u0151 c\u00edmen tal\u00e1lhat\u00f3k <a href=\"mailto:info.uk@daxten.com\" target=\"_blank\" rel=\"noreferrer noopener\">info.uk@daxten.com<\/a>&nbsp;<\/p>","protected":false},"excerpt":{"rendered":"<p>M\u00e1rcius 8-\u00e1n \u00e9s 9-\u00e9n az ExCeL London adott otthont a Data Center World \u00e9ves rendezv\u00e9ny\u00e9nek. Ez a vil\u00e1g egyik legnagyobb \u00e9s legn\u00e9pszer\u0171bb adatk\u00f6zponti technol\u00f3giai rendezv\u00e9nye. Folyamatosan a leg\u00fajabb trendeket \u00e9s megold\u00e1sokat mutatja be, lehet\u0151v\u00e9 t\u00e9ve az adatk\u00f6zpontok sz\u00e1m\u00e1ra, hogy glob\u00e1lis szinten megfeleljenek a r\u00e1juk v\u00e1r\u00f3 kih\u00edv\u00e1soknak. Data ... <\/p>\n<p class=\"link-more\"><a href=\"https:\/\/powertowers.com\/hu\/peco-dc-was-presented-at-data-center-world\/\" class=\"more-link\"><span class=\"screen-reader-text\">\"A Peco DC-t bemutatt\u00e1k a Data Center World-en\"<\/span> b\u0151vebben<\/a><\/p>","protected":false},"author":5,"featured_media":3049,"comment_status":"open","ping_status":"open","sticky":false,"template":"","format":"standard","meta":{"content-type":"","footnotes":""},"categories":[9],"tags":[],"class_list":["post-3041","post","type-post","status-publish","format-standard","has-post-thumbnail","hentry","category-power-towers","entry"],"yoast_head":"<!-- This site is optimized with the Yoast SEO plugin v27.4 - https:\/\/yoast.com\/product\/yoast-seo-wordpress\/ -->\n<title>Peco DC was presented at Data Center World - Power Towers<\/title>\n<meta name=\"description\" content=\"Peco DC was presented at Data Center World event in London. The product was designed specifically to fit narrow rack aisles in data centers.\" \/>\n<meta name=\"robots\" content=\"index, follow, max-snippet:-1, max-image-preview:large, max-video-preview:-1\" \/>\n<link rel=\"canonical\" href=\"https:\/\/powertowers.com\/hu\/a-peco-dc-t-az-adatkozpontok-vilagaban-mutattak-be\/\" \/>\n<meta property=\"og:locale\" content=\"hu_HU\" \/>\n<meta property=\"og:type\" content=\"article\" \/>\n<meta property=\"og:title\" content=\"Peco DC was presented at Data Center World - Power Towers\" \/>\n<meta property=\"og:description\" content=\"Peco DC was presented at Data Center World event in London. The product was designed specifically to fit narrow rack aisles in data centers.\" \/>\n<meta property=\"og:url\" content=\"https:\/\/powertowers.com\/hu\/a-peco-dc-t-az-adatkozpontok-vilagaban-mutattak-be\/\" \/>\n<meta property=\"og:site_name\" content=\"Power Towers\" \/>\n<meta property=\"article:published_time\" content=\"2023-03-15T09:57:26+00:00\" \/>\n<meta property=\"article:modified_time\" content=\"2023-03-15T10:36:05+00:00\" \/>\n<meta property=\"og:image\" content=\"https:\/\/powertowers.com\/wp-content\/uploads\/2023\/03\/Data-Center-World-2020-scaled-1.jpg\" \/>\n\t<meta property=\"og:image:width\" content=\"1536\" \/>\n\t<meta property=\"og:image:height\" content=\"691\" \/>\n\t<meta property=\"og:image:type\" content=\"image\/jpeg\" \/>\n<meta name=\"author\" content=\"Yulia Lubetska\" \/>\n<meta name=\"twitter:card\" content=\"summary_large_image\" \/>\n<meta name=\"twitter:label1\" content=\"Szerz\u0151:\" \/>\n\t<meta name=\"twitter:data1\" content=\"Yulia Lubetska\" \/>\n\t<meta name=\"twitter:label2\" content=\"Becs\u00fclt olvas\u00e1si id\u0151\" \/>\n\t<meta name=\"twitter:data2\" content=\"2 perc\" \/>\n<script type=\"application\/ld+json\" class=\"yoast-schema-graph\">{\"@context\":\"https:\\\/\\\/schema.org\",\"@graph\":[{\"@type\":\"Article\",\"@id\":\"https:\\\/\\\/powertowers.com\\\/pt\\\/o-peco-dc-foi-apresentado-no-data-center-world\\\/#article\",\"isPartOf\":{\"@id\":\"https:\\\/\\\/powertowers.com\\\/pt\\\/o-peco-dc-foi-apresentado-no-data-center-world\\\/\"},\"author\":{\"name\":\"Yulia Lubetska\",\"@id\":\"https:\\\/\\\/powertowers.com\\\/nl\\\/#\\\/schema\\\/person\\\/ca50278783201f2c9e8e7d2f99f59804\"},\"headline\":\"Peco DC was presented at Data Center World\",\"datePublished\":\"2023-03-15T09:57:26+00:00\",\"dateModified\":\"2023-03-15T10:36:05+00:00\",\"mainEntityOfPage\":{\"@id\":\"https:\\\/\\\/powertowers.com\\\/pt\\\/o-peco-dc-foi-apresentado-no-data-center-world\\\/\"},\"wordCount\":335,\"commentCount\":0,\"publisher\":{\"@id\":\"https:\\\/\\\/powertowers.com\\\/nl\\\/#organization\"},\"image\":{\"@id\":\"https:\\\/\\\/powertowers.com\\\/pt\\\/o-peco-dc-foi-apresentado-no-data-center-world\\\/#primaryimage\"},\"thumbnailUrl\":\"https:\\\/\\\/powertowers.com\\\/wp-content\\\/uploads\\\/2023\\\/03\\\/Data-Center-World-2020-scaled-1.jpg\",\"articleSection\":[\"Power Towers\"],\"inLanguage\":\"hu\",\"potentialAction\":[{\"@type\":\"CommentAction\",\"name\":\"Comment\",\"target\":[\"https:\\\/\\\/powertowers.com\\\/pt\\\/o-peco-dc-foi-apresentado-no-data-center-world\\\/#respond\"]}]},{\"@type\":\"WebPage\",\"@id\":\"https:\\\/\\\/powertowers.com\\\/pt\\\/o-peco-dc-foi-apresentado-no-data-center-world\\\/\",\"url\":\"https:\\\/\\\/powertowers.com\\\/pt\\\/o-peco-dc-foi-apresentado-no-data-center-world\\\/\",\"name\":\"Peco DC was presented at Data Center World - Power Towers\",\"isPartOf\":{\"@id\":\"https:\\\/\\\/powertowers.com\\\/nl\\\/#website\"},\"primaryImageOfPage\":{\"@id\":\"https:\\\/\\\/powertowers.com\\\/pt\\\/o-peco-dc-foi-apresentado-no-data-center-world\\\/#primaryimage\"},\"image\":{\"@id\":\"https:\\\/\\\/powertowers.com\\\/pt\\\/o-peco-dc-foi-apresentado-no-data-center-world\\\/#primaryimage\"},\"thumbnailUrl\":\"https:\\\/\\\/powertowers.com\\\/wp-content\\\/uploads\\\/2023\\\/03\\\/Data-Center-World-2020-scaled-1.jpg\",\"datePublished\":\"2023-03-15T09:57:26+00:00\",\"dateModified\":\"2023-03-15T10:36:05+00:00\",\"description\":\"Peco DC was presented at Data Center World event in London. The product was designed specifically to fit narrow rack aisles in data centers.\",\"breadcrumb\":{\"@id\":\"https:\\\/\\\/powertowers.com\\\/pt\\\/o-peco-dc-foi-apresentado-no-data-center-world\\\/#breadcrumb\"},\"inLanguage\":\"hu\",\"potentialAction\":[{\"@type\":\"ReadAction\",\"target\":[\"https:\\\/\\\/powertowers.com\\\/pt\\\/o-peco-dc-foi-apresentado-no-data-center-world\\\/\"]}]},{\"@type\":\"ImageObject\",\"inLanguage\":\"hu\",\"@id\":\"https:\\\/\\\/powertowers.com\\\/pt\\\/o-peco-dc-foi-apresentado-no-data-center-world\\\/#primaryimage\",\"url\":\"https:\\\/\\\/powertowers.com\\\/wp-content\\\/uploads\\\/2023\\\/03\\\/Data-Center-World-2020-scaled-1.jpg\",\"contentUrl\":\"https:\\\/\\\/powertowers.com\\\/wp-content\\\/uploads\\\/2023\\\/03\\\/Data-Center-World-2020-scaled-1.jpg\",\"width\":1536,\"height\":691,\"caption\":\"Data Center World event\"},{\"@type\":\"BreadcrumbList\",\"@id\":\"https:\\\/\\\/powertowers.com\\\/pt\\\/o-peco-dc-foi-apresentado-no-data-center-world\\\/#breadcrumb\",\"itemListElement\":[{\"@type\":\"ListItem\",\"position\":1,\"name\":\"Home\",\"item\":\"https:\\\/\\\/powertowers.com\\\/nl\\\/\"},{\"@type\":\"ListItem\",\"position\":2,\"name\":\"Peco DC was presented at Data Center World\"}]},{\"@type\":\"WebSite\",\"@id\":\"https:\\\/\\\/powertowers.com\\\/nl\\\/#website\",\"url\":\"https:\\\/\\\/powertowers.com\\\/nl\\\/\",\"name\":\"Power Towers\",\"description\":\"The alternative to ladders, podiums and scaffolding.\",\"publisher\":{\"@id\":\"https:\\\/\\\/powertowers.com\\\/nl\\\/#organization\"},\"potentialAction\":[{\"@type\":\"SearchAction\",\"target\":{\"@type\":\"EntryPoint\",\"urlTemplate\":\"https:\\\/\\\/powertowers.com\\\/nl\\\/?s={search_term_string}\"},\"query-input\":{\"@type\":\"PropertyValueSpecification\",\"valueRequired\":true,\"valueName\":\"search_term_string\"}}],\"inLanguage\":\"hu\"},{\"@type\":\"Organization\",\"@id\":\"https:\\\/\\\/powertowers.com\\\/nl\\\/#organization\",\"name\":\"Power Towers Ltd.\",\"url\":\"https:\\\/\\\/powertowers.com\\\/nl\\\/\",\"logo\":{\"@type\":\"ImageObject\",\"inLanguage\":\"hu\",\"@id\":\"https:\\\/\\\/powertowers.com\\\/nl\\\/#\\\/schema\\\/logo\\\/image\\\/\",\"url\":\"https:\\\/\\\/37.148.206.186\\\/wp-content\\\/uploads\\\/2021\\\/12\\\/power-towers-new-logo-outline-1024px.png\",\"contentUrl\":\"https:\\\/\\\/37.148.206.186\\\/wp-content\\\/uploads\\\/2021\\\/12\\\/power-towers-new-logo-outline-1024px.png\",\"width\":1024,\"height\":209,\"caption\":\"Power Towers Ltd.\"},\"image\":{\"@id\":\"https:\\\/\\\/powertowers.com\\\/nl\\\/#\\\/schema\\\/logo\\\/image\\\/\"}},{\"@type\":\"Person\",\"@id\":\"https:\\\/\\\/powertowers.com\\\/nl\\\/#\\\/schema\\\/person\\\/ca50278783201f2c9e8e7d2f99f59804\",\"name\":\"Yulia Lubetska\",\"image\":{\"@type\":\"ImageObject\",\"inLanguage\":\"hu\",\"@id\":\"https:\\\/\\\/secure.gravatar.com\\\/avatar\\\/b1eb6511e352ec1361b66796587d03ccf5c6ad02ce6c813d72bfa2df7938c7f1?s=96&d=mm&r=g\",\"url\":\"https:\\\/\\\/secure.gravatar.com\\\/avatar\\\/b1eb6511e352ec1361b66796587d03ccf5c6ad02ce6c813d72bfa2df7938c7f1?s=96&d=mm&r=g\",\"contentUrl\":\"https:\\\/\\\/secure.gravatar.com\\\/avatar\\\/b1eb6511e352ec1361b66796587d03ccf5c6ad02ce6c813d72bfa2df7938c7f1?s=96&d=mm&r=g\",\"caption\":\"Yulia Lubetska\"},\"url\":\"https:\\\/\\\/powertowers.com\\\/hu\\\/author\\\/yulia-pt\\\/\"}]}<\/script>\n<!-- \/ Yoast SEO plugin. -->","yoast_head_json":{"title":"A Peco DC bemutatkozott a Data Center World - Power Towers rendezv\u00e9nyen","description":"A Peco DC-t a londoni Data Center World rendezv\u00e9nyen mutatt\u00e1k be. A term\u00e9ket kifejezetten az adatk\u00f6zpontok keskeny rackfolyos\u00f3ihoz tervezt\u00e9k.","robots":{"index":"index","follow":"follow","max-snippet":"max-snippet:-1","max-image-preview":"max-image-preview:large","max-video-preview":"max-video-preview:-1"},"canonical":"https:\/\/powertowers.com\/hu\/a-peco-dc-t-az-adatkozpontok-vilagaban-mutattak-be\/","og_locale":"hu_HU","og_type":"article","og_title":"Peco DC was presented at Data Center World - Power Towers","og_description":"Peco DC was presented at Data Center World event in London. The product was designed specifically to fit narrow rack aisles in data centers.","og_url":"https:\/\/powertowers.com\/hu\/a-peco-dc-t-az-adatkozpontok-vilagaban-mutattak-be\/","og_site_name":"Power Towers","article_published_time":"2023-03-15T09:57:26+00:00","article_modified_time":"2023-03-15T10:36:05+00:00","og_image":[{"width":1536,"height":691,"url":"https:\/\/powertowers.com\/wp-content\/uploads\/2023\/03\/Data-Center-World-2020-scaled-1.jpg","type":"image\/jpeg"}],"author":"Yulia Lubetska","twitter_card":"summary_large_image","twitter_misc":{"Szerz\u0151:":"Yulia Lubetska","Becs\u00fclt olvas\u00e1si id\u0151":"2 perc"},"schema":{"@context":"https:\/\/schema.org","@graph":[{"@type":"Article","@id":"https:\/\/powertowers.com\/pt\/o-peco-dc-foi-apresentado-no-data-center-world\/#article","isPartOf":{"@id":"https:\/\/powertowers.com\/pt\/o-peco-dc-foi-apresentado-no-data-center-world\/"},"author":{"name":"Yulia Lubetska","@id":"https:\/\/powertowers.com\/nl\/#\/schema\/person\/ca50278783201f2c9e8e7d2f99f59804"},"headline":"Peco DC was presented at Data Center World","datePublished":"2023-03-15T09:57:26+00:00","dateModified":"2023-03-15T10:36:05+00:00","mainEntityOfPage":{"@id":"https:\/\/powertowers.com\/pt\/o-peco-dc-foi-apresentado-no-data-center-world\/"},"wordCount":335,"commentCount":0,"publisher":{"@id":"https:\/\/powertowers.com\/nl\/#organization"},"image":{"@id":"https:\/\/powertowers.com\/pt\/o-peco-dc-foi-apresentado-no-data-center-world\/#primaryimage"},"thumbnailUrl":"https:\/\/powertowers.com\/wp-content\/uploads\/2023\/03\/Data-Center-World-2020-scaled-1.jpg","articleSection":["Power Towers"],"inLanguage":"hu","potentialAction":[{"@type":"CommentAction","name":"Comment","target":["https:\/\/powertowers.com\/pt\/o-peco-dc-foi-apresentado-no-data-center-world\/#respond"]}]},{"@type":"WebPage","@id":"https:\/\/powertowers.com\/pt\/o-peco-dc-foi-apresentado-no-data-center-world\/","url":"https:\/\/powertowers.com\/pt\/o-peco-dc-foi-apresentado-no-data-center-world\/","name":"A Peco DC bemutatkozott a Data Center World - Power Towers rendezv\u00e9nyen","isPartOf":{"@id":"https:\/\/powertowers.com\/nl\/#website"},"primaryImageOfPage":{"@id":"https:\/\/powertowers.com\/pt\/o-peco-dc-foi-apresentado-no-data-center-world\/#primaryimage"},"image":{"@id":"https:\/\/powertowers.com\/pt\/o-peco-dc-foi-apresentado-no-data-center-world\/#primaryimage"},"thumbnailUrl":"https:\/\/powertowers.com\/wp-content\/uploads\/2023\/03\/Data-Center-World-2020-scaled-1.jpg","datePublished":"2023-03-15T09:57:26+00:00","dateModified":"2023-03-15T10:36:05+00:00","description":"A Peco DC-t a londoni Data Center World rendezv\u00e9nyen mutatt\u00e1k be. A term\u00e9ket kifejezetten az adatk\u00f6zpontok keskeny rackfolyos\u00f3ihoz tervezt\u00e9k.","breadcrumb":{"@id":"https:\/\/powertowers.com\/pt\/o-peco-dc-foi-apresentado-no-data-center-world\/#breadcrumb"},"inLanguage":"hu","potentialAction":[{"@type":"ReadAction","target":["https:\/\/powertowers.com\/pt\/o-peco-dc-foi-apresentado-no-data-center-world\/"]}]},{"@type":"ImageObject","inLanguage":"hu","@id":"https:\/\/powertowers.com\/pt\/o-peco-dc-foi-apresentado-no-data-center-world\/#primaryimage","url":"https:\/\/powertowers.com\/wp-content\/uploads\/2023\/03\/Data-Center-World-2020-scaled-1.jpg","contentUrl":"https:\/\/powertowers.com\/wp-content\/uploads\/2023\/03\/Data-Center-World-2020-scaled-1.jpg","width":1536,"height":691,"caption":"Data Center World event"},{"@type":"BreadcrumbList","@id":"https:\/\/powertowers.com\/pt\/o-peco-dc-foi-apresentado-no-data-center-world\/#breadcrumb","itemListElement":[{"@type":"ListItem","position":1,"name":"Home","item":"https:\/\/powertowers.com\/nl\/"},{"@type":"ListItem","position":2,"name":"Peco DC was presented at Data Center World"}]},{"@type":"WebSite","@id":"https:\/\/powertowers.com\/nl\/#website","url":"https:\/\/powertowers.com\/nl\/","name":"Power Towers","description":"A l\u00e9tr\u00e1k, p\u00f3diumok \u00e9s \u00e1llv\u00e1nyok alternat\u00edv\u00e1ja.","publisher":{"@id":"https:\/\/powertowers.com\/nl\/#organization"},"potentialAction":[{"@type":"SearchAction","target":{"@type":"EntryPoint","urlTemplate":"https:\/\/powertowers.com\/nl\/?s={search_term_string}"},"query-input":{"@type":"PropertyValueSpecification","valueRequired":true,"valueName":"search_term_string"}}],"inLanguage":"hu"},{"@type":"Organization","@id":"https:\/\/powertowers.com\/nl\/#organization","name":"Power Towers Ltd.","url":"https:\/\/powertowers.com\/nl\/","logo":{"@type":"ImageObject","inLanguage":"hu","@id":"https:\/\/powertowers.com\/nl\/#\/schema\/logo\/image\/","url":"https:\/\/37.148.206.186\/wp-content\/uploads\/2021\/12\/power-towers-new-logo-outline-1024px.png","contentUrl":"https:\/\/37.148.206.186\/wp-content\/uploads\/2021\/12\/power-towers-new-logo-outline-1024px.png","width":1024,"height":209,"caption":"Power Towers Ltd."},"image":{"@id":"https:\/\/powertowers.com\/nl\/#\/schema\/logo\/image\/"}},{"@type":"Person","@id":"https:\/\/powertowers.com\/nl\/#\/schema\/person\/ca50278783201f2c9e8e7d2f99f59804","name":"Yulia Lubetska","image":{"@type":"ImageObject","inLanguage":"hu","@id":"https:\/\/secure.gravatar.com\/avatar\/b1eb6511e352ec1361b66796587d03ccf5c6ad02ce6c813d72bfa2df7938c7f1?s=96&d=mm&r=g","url":"https:\/\/secure.gravatar.com\/avatar\/b1eb6511e352ec1361b66796587d03ccf5c6ad02ce6c813d72bfa2df7938c7f1?s=96&d=mm&r=g","contentUrl":"https:\/\/secure.gravatar.com\/avatar\/b1eb6511e352ec1361b66796587d03ccf5c6ad02ce6c813d72bfa2df7938c7f1?s=96&d=mm&r=g","caption":"Yulia Lubetska"},"url":"https:\/\/powertowers.com\/hu\/author\/yulia-pt\/"}]}},"_links":{"self":[{"href":"https:\/\/powertowers.com\/hu\/wp-json\/wp\/v2\/posts\/3041","targetHints":{"allow":["GET"]}}],"collection":[{"href":"https:\/\/powertowers.com\/hu\/wp-json\/wp\/v2\/posts"}],"about":[{"href":"https:\/\/powertowers.com\/hu\/wp-json\/wp\/v2\/types\/post"}],"author":[{"embeddable":true,"href":"https:\/\/powertowers.com\/hu\/wp-json\/wp\/v2\/users\/5"}],"replies":[{"embeddable":true,"href":"https:\/\/powertowers.com\/hu\/wp-json\/wp\/v2\/comments?post=3041"}],"version-history":[{"count":4,"href":"https:\/\/powertowers.com\/hu\/wp-json\/wp\/v2\/posts\/3041\/revisions"}],"predecessor-version":[{"id":3051,"href":"https:\/\/powertowers.com\/hu\/wp-json\/wp\/v2\/posts\/3041\/revisions\/3051"}],"wp:featuredmedia":[{"embeddable":true,"href":"https:\/\/powertowers.com\/hu\/wp-json\/wp\/v2\/media\/3049"}],"wp:attachment":[{"href":"https:\/\/powertowers.com\/hu\/wp-json\/wp\/v2\/media?parent=3041"}],"wp:term":[{"taxonomy":"category","embeddable":true,"href":"https:\/\/powertowers.com\/hu\/wp-json\/wp\/v2\/categories?post=3041"},{"taxonomy":"post_tag","embeddable":true,"href":"https:\/\/powertowers.com\/hu\/wp-json\/wp\/v2\/tags?post=3041"}],"curies":[{"name":"wp","href":"https:\/\/api.w.org\/{rel}","templated":true}]}}