{"id":4567,"date":"2023-11-29T12:28:47","date_gmt":"2023-11-29T11:28:47","guid":{"rendered":"https:\/\/37.148.206.186\/?p=4567"},"modified":"2023-11-29T12:28:48","modified_gmt":"2023-11-29T11:28:48","slug":"power-towers-ensimmainen-matalan-tason-avointen-ovien-paiva","status":"publish","type":"post","link":"https:\/\/powertowers.com\/fi\/power-towers-first-low-level-access-open-day\/","title":{"rendered":"Power Towersin ensimm\u00e4inen matalan tason p\u00e4\u00e4sy avoimien ovien p\u00e4iv\u00e4!"},"content":{"rendered":"<p>Lokakuun 31. p\u00e4iv\u00e4n\u00e4<sup>st<\/sup>, avasimme Leicesteriss\u00e4 sijaitsevan tehtaamme ovet kolmip\u00e4iv\u00e4ist\u00e4 tapahtumaa varten, johon osallistui matalan tason kulkuyhteyksien asiantuntijoita eri teollisuuden aloilta. T\u00e4m\u00e4 tapahtuma oli ainutlaatuinen tilaisuus samanhenkisille ammattilaisille luoda yhteyksi\u00e4, oppia ja sitoutua. T\u00e4ss\u00e4 artikkelissa k\u00e4siteltiin joitakin tapahtuman j\u00e4nnitt\u00e4vimpi\u00e4 kohokohtia.<\/p>\n\n\n<div class=\"wp-block-image\">\n<figure class=\"aligncenter size-large is-resized\"><img fetchpriority=\"high\" decoding=\"async\" width=\"1024\" height=\"586\" src=\"https:\/\/37.148.206.186\/wp-content\/uploads\/2023\/11\/1698765529279-1024x586.jpg\" alt=\"Ecolift ja Pecolift Power Towersin matalan tason p\u00e4\u00e4syp\u00e4iv\u00e4n\u00e4\" class=\"wp-image-4568\" style=\"width:634px;height:auto\" srcset=\"https:\/\/powertowers.com\/wp-content\/uploads\/2023\/11\/1698765529279-1024x586.jpg 1024w, https:\/\/powertowers.com\/wp-content\/uploads\/2023\/11\/1698765529279-300x172.jpg 300w, https:\/\/powertowers.com\/wp-content\/uploads\/2023\/11\/1698765529279-768x439.jpg 768w, https:\/\/powertowers.com\/wp-content\/uploads\/2023\/11\/1698765529279-18x10.jpg 18w, https:\/\/powertowers.com\/wp-content\/uploads\/2023\/11\/1698765529279.jpg 1170w\" sizes=\"(max-width: 1024px) 100vw, 1024px\" \/><\/figure>\n<\/div>\n\n\n<p><\/p>\n\n\n\n<h2 class=\"wp-block-heading\"><strong>1. Uusien tuotteiden ja teknologian esittelyt<\/strong><\/h2>\n\n\n\n<p>Me Power Towersilla olemme omistautuneet laajentamaan innovaation rajoja matalan tason p\u00e4\u00e4syn alalla. Avoimien ovien p\u00e4iv\u00e4n aikana osallistujilla oli mahdollisuus n\u00e4hd\u00e4 uusimpien tuotteidemme ja prototyyppiemme live-esittelyj\u00e4. N\u00e4iss\u00e4 esittelyiss\u00e4 esiteltiin uusien tuotteidemme edistyksellisi\u00e4 ominaisuuksia, turvallisuusparannuksia ja parempaa tehokkuutta.<\/p>\n\n\n<div class=\"wp-block-image\">\n<figure class=\"aligncenter size-large is-resized\"><img decoding=\"async\" width=\"947\" height=\"1024\" src=\"https:\/\/37.148.206.186\/wp-content\/uploads\/2023\/11\/1699012247349-947x1024.jpg\" alt=\"LLA:n avoimien ovien p\u00e4iv\u00e4n tuotesuuntauksen esittely\" class=\"wp-image-4570\" style=\"width:371px;height:auto\" srcset=\"https:\/\/powertowers.com\/wp-content\/uploads\/2023\/11\/1699012247349-947x1024.jpg 947w, https:\/\/powertowers.com\/wp-content\/uploads\/2023\/11\/1699012247349-277x300.jpg 277w, https:\/\/powertowers.com\/wp-content\/uploads\/2023\/11\/1699012247349-768x831.jpg 768w, https:\/\/powertowers.com\/wp-content\/uploads\/2023\/11\/1699012247349-11x12.jpg 11w, https:\/\/powertowers.com\/wp-content\/uploads\/2023\/11\/1699012247349.jpg 1420w\" sizes=\"(max-width: 947px) 100vw, 947px\" \/><\/figure>\n<\/div>\n\n\n<h2 class=\"wp-block-heading\"><strong>2. Vuoden 2024 uusien tuotteiden suunnan esittelyt<\/strong><\/h2>\n\n\n\n<p>P\u00e4\u00e4johtajamme esitteli vuoden 2024 uuden tuotekehityksen (NPD) suunnan. T\u00e4m\u00e4 oivaltava esitys tarjosi kurkistuksen siit\u00e4, millaisia edistysaskeleita matalan tason asiantuntijat voivat odottaa l\u00e4hitulevaisuudessa.<\/p>\n\n\n\n<h2 class=\"wp-block-heading\"><strong>3. Tehdaskierros<\/strong><\/h2>\n\n\n\n<p>Power Towers kutsui vierailijat kulissien taakse ja tutustumaan Power Towersin toiminnan ytimeen. Tehdaskierroksella esiteltiin valmistusprosessi, laadunvalvonta ja testausmenettelyt, joilla varmistetaan, ett\u00e4 tuotteemme t\u00e4ytt\u00e4v\u00e4t korkeimmat standardit. Vieraamme saivat syv\u00e4llisemm\u00e4n k\u00e4sityksen siit\u00e4, miten Power Towersin tuotteet valmistetaan ja millaiset laatutarkastukset niille tehd\u00e4\u00e4n ennen markkinoille p\u00e4\u00e4sy\u00e4.<\/p>\n\n\n\n<h2 class=\"wp-block-heading\"><strong>4. Verkostoitumismahdollisuudet<\/strong><\/h2>\n\n\n\n<p>Yksi alan tapahtumiin osallistumisen merkitt\u00e4vimmist\u00e4 hy\u00f6dyist\u00e4 on mahdollisuus luoda yhteyksi\u00e4 kollegoihin ja ammattilaisiin, joilla on yhteisi\u00e4 intohimoja ja kiinnostuksen kohteita. Power Towers Low-Level Access Open Day -tapahtuma tarjosi osallistujille runsaasti verkostoitumismahdollisuuksia ja mahdollisuuden vaihtaa ajatuksiaan, kokemuksiaan ja n\u00e4kemyksi\u00e4\u00e4n muiden alan toimijoiden kanssa.<\/p>\n\n\n<div class=\"wp-block-image\">\n<figure class=\"aligncenter size-large is-resized\"><img decoding=\"async\" width=\"993\" height=\"1024\" src=\"https:\/\/37.148.206.186\/wp-content\/uploads\/2023\/11\/1699012248669-993x1024.jpg\" alt=\"Power Towersin valikoima siirrett\u00e4vi\u00e4 nostolavoja Power Towersin avoimien ovien p\u00e4iv\u00e4n\u00e4\" class=\"wp-image-4569\" style=\"width:431px;height:auto\" srcset=\"https:\/\/powertowers.com\/wp-content\/uploads\/2023\/11\/1699012248669-993x1024.jpg 993w, https:\/\/powertowers.com\/wp-content\/uploads\/2023\/11\/1699012248669-291x300.jpg 291w, https:\/\/powertowers.com\/wp-content\/uploads\/2023\/11\/1699012248669-768x792.jpg 768w, https:\/\/powertowers.com\/wp-content\/uploads\/2023\/11\/1699012248669-12x12.jpg 12w, https:\/\/powertowers.com\/wp-content\/uploads\/2023\/11\/1699012248669.jpg 1489w\" sizes=\"(max-width: 993px) 100vw, 993px\" \/><\/figure>\n<\/div>\n\n\n<h2 class=\"wp-block-heading\"><strong>P\u00e4\u00e4telm\u00e4<\/strong><\/h2>\n\n\n\n<p>Power Towers Low-Level Access Open Day oli pilottitapahtumamme, ja olimme eritt\u00e4in tyytyv\u00e4isi\u00e4 osallistujam\u00e4\u00e4r\u00e4\u00e4n ja osallistumiseen.  Olimme my\u00f6s kiitollisia arvokkaasta palautteesta, jonka asiakkaamme jakoivat meille tapahtuman aikana. <\/p>\n\n\n\n<p>Jos haluat olla yksi ensimm\u00e4isist\u00e4 ihmisist\u00e4, jotka saavat tiet\u00e4\u00e4 Power Towersin uutisista, tilaa uutiskirjeemme ja seuraa meit\u00e4 osoitteessa<a href=\"https:\/\/www.linkedin.com\/company\/22152427\/admin\/feed\/posts\/\"> LinkedIn<\/a>! <\/p>\n\n\n\n<p>Lis\u00e4tietoja Power Towersin valikoimasta siirrett\u00e4vi\u00e4 nostolavoja: <a href=\"https:\/\/37.148.206.186\/mobile-elevating-platforms\/\">Ty\u00f6tasot - Osta ty\u00f6tasot | Power Towers | Power Towers<\/a><\/p>","protected":false},"excerpt":{"rendered":"<p>Lokakuun 31. p\u00e4iv\u00e4n\u00e4 avasimme Leicesteriss\u00e4 sijaitsevan tehtaamme ovet kolmip\u00e4iv\u00e4iselle tapahtumalle, johon osallistui matalan tason kulkuyhteyksien asiantuntijoita eri toimialoilta. T\u00e4m\u00e4 tapahtuma oli ainutlaatuinen tilaisuus samanhenkisille ammattilaisille luoda yhteyksi\u00e4, oppia ja sitoutua. T\u00e4ss\u00e4 artikkelissa k\u00e4siteltiin joitakin tapahtuman j\u00e4nnitt\u00e4vimpi\u00e4 kohokohtia. 1. Uusien tuotteiden ja teknologian esittelyt ... <\/p>\n<p class=\"link-more\"><a href=\"https:\/\/powertowers.com\/fi\/power-towers-first-low-level-access-open-day\/\" class=\"more-link\">Jatka lukemista<span class=\"screen-reader-text\"> \"Power Towersin ensimm\u00e4inen matalan kynnyksen avoin p\u00e4iv\u00e4!\"<\/span><\/a><\/p>","protected":false},"author":5,"featured_media":4571,"comment_status":"closed","ping_status":"open","sticky":false,"template":"","format":"standard","meta":{"content-type":"","footnotes":""},"categories":[9],"tags":[],"class_list":["post-4567","post","type-post","status-publish","format-standard","has-post-thumbnail","hentry","category-power-towers","entry"],"yoast_head":"<!-- This site is optimized with the Yoast SEO plugin v27.4 - https:\/\/yoast.com\/product\/yoast-seo-wordpress\/ -->\n<title>Power Towers&#039; First Low-Level Access Open Day! - Power Towers<\/title>\n<meta name=\"description\" content=\"On October 31st, Power Towers hosted first Low-Level Access Open Day at our factory in Leicester for specialists from various industries.\" \/>\n<meta name=\"robots\" content=\"index, follow, max-snippet:-1, max-image-preview:large, max-video-preview:-1\" \/>\n<link rel=\"canonical\" href=\"https:\/\/powertowers.com\/fi\/power-towers-ensimmainen-matalan-tason-avointen-ovien-paiva\/\" \/>\n<meta property=\"og:locale\" content=\"fi_FI\" \/>\n<meta property=\"og:type\" content=\"article\" \/>\n<meta property=\"og:title\" content=\"Power Towers&#039; First Low-Level Access Open Day! - Power Towers\" \/>\n<meta property=\"og:description\" content=\"On October 31st, Power Towers hosted first Low-Level Access Open Day at our factory in Leicester for specialists from various industries.\" \/>\n<meta property=\"og:url\" content=\"https:\/\/powertowers.com\/fi\/power-towers-ensimmainen-matalan-tason-avointen-ovien-paiva\/\" \/>\n<meta property=\"og:site_name\" content=\"Power Towers\" \/>\n<meta property=\"article:published_time\" content=\"2023-11-29T11:28:47+00:00\" \/>\n<meta property=\"article:modified_time\" content=\"2023-11-29T11:28:48+00:00\" \/>\n<meta property=\"og:image\" content=\"https:\/\/powertowers.com\/wp-content\/uploads\/2023\/11\/1698765529101.jpg\" \/>\n\t<meta property=\"og:image:width\" content=\"1170\" \/>\n\t<meta property=\"og:image:height\" content=\"640\" \/>\n\t<meta property=\"og:image:type\" content=\"image\/jpeg\" \/>\n<meta name=\"author\" content=\"Yulia Lubetska\" \/>\n<meta name=\"twitter:card\" content=\"summary_large_image\" \/>\n<meta name=\"twitter:label1\" content=\"Kirjoittanut\" \/>\n\t<meta name=\"twitter:data1\" content=\"Yulia Lubetska\" \/>\n\t<meta name=\"twitter:label2\" content=\"Arvioitu lukuaika\" \/>\n\t<meta name=\"twitter:data2\" content=\"3 minuuttia\" \/>\n<script type=\"application\/ld+json\" class=\"yoast-schema-graph\">{\"@context\":\"https:\\\/\\\/schema.org\",\"@graph\":[{\"@type\":\"Article\",\"@id\":\"https:\\\/\\\/powertowers.com\\\/power-towers-first-low-level-access-open-day\\\/#article\",\"isPartOf\":{\"@id\":\"https:\\\/\\\/powertowers.com\\\/power-towers-first-low-level-access-open-day\\\/\"},\"author\":{\"name\":\"Yulia Lubetska\",\"@id\":\"https:\\\/\\\/powertowers.com\\\/nl\\\/#\\\/schema\\\/person\\\/ca50278783201f2c9e8e7d2f99f59804\"},\"headline\":\"Power Towers&#8217; First Low-Level Access Open Day!\",\"datePublished\":\"2023-11-29T11:28:47+00:00\",\"dateModified\":\"2023-11-29T11:28:48+00:00\",\"mainEntityOfPage\":{\"@id\":\"https:\\\/\\\/powertowers.com\\\/power-towers-first-low-level-access-open-day\\\/\"},\"wordCount\":344,\"publisher\":{\"@id\":\"https:\\\/\\\/powertowers.com\\\/nl\\\/#organization\"},\"image\":{\"@id\":\"https:\\\/\\\/powertowers.com\\\/power-towers-first-low-level-access-open-day\\\/#primaryimage\"},\"thumbnailUrl\":\"https:\\\/\\\/powertowers.com\\\/wp-content\\\/uploads\\\/2023\\\/11\\\/1698765529101.jpg\",\"articleSection\":[\"Power Towers\"],\"inLanguage\":\"fi\"},{\"@type\":\"WebPage\",\"@id\":\"https:\\\/\\\/powertowers.com\\\/power-towers-first-low-level-access-open-day\\\/\",\"url\":\"https:\\\/\\\/powertowers.com\\\/power-towers-first-low-level-access-open-day\\\/\",\"name\":\"Power Towers' First Low-Level Access Open Day! - Power Towers\",\"isPartOf\":{\"@id\":\"https:\\\/\\\/powertowers.com\\\/nl\\\/#website\"},\"primaryImageOfPage\":{\"@id\":\"https:\\\/\\\/powertowers.com\\\/power-towers-first-low-level-access-open-day\\\/#primaryimage\"},\"image\":{\"@id\":\"https:\\\/\\\/powertowers.com\\\/power-towers-first-low-level-access-open-day\\\/#primaryimage\"},\"thumbnailUrl\":\"https:\\\/\\\/powertowers.com\\\/wp-content\\\/uploads\\\/2023\\\/11\\\/1698765529101.jpg\",\"datePublished\":\"2023-11-29T11:28:47+00:00\",\"dateModified\":\"2023-11-29T11:28:48+00:00\",\"description\":\"On October 31st, Power Towers hosted first Low-Level Access Open Day at our factory in Leicester for specialists from various industries.\",\"breadcrumb\":{\"@id\":\"https:\\\/\\\/powertowers.com\\\/power-towers-first-low-level-access-open-day\\\/#breadcrumb\"},\"inLanguage\":\"fi\",\"potentialAction\":[{\"@type\":\"ReadAction\",\"target\":[\"https:\\\/\\\/powertowers.com\\\/power-towers-first-low-level-access-open-day\\\/\"]}]},{\"@type\":\"ImageObject\",\"inLanguage\":\"fi\",\"@id\":\"https:\\\/\\\/powertowers.com\\\/power-towers-first-low-level-access-open-day\\\/#primaryimage\",\"url\":\"https:\\\/\\\/powertowers.com\\\/wp-content\\\/uploads\\\/2023\\\/11\\\/1698765529101.jpg\",\"contentUrl\":\"https:\\\/\\\/powertowers.com\\\/wp-content\\\/uploads\\\/2023\\\/11\\\/1698765529101.jpg\",\"width\":1170,\"height\":640,\"caption\":\"JLG Power Towers stand\"},{\"@type\":\"BreadcrumbList\",\"@id\":\"https:\\\/\\\/powertowers.com\\\/power-towers-first-low-level-access-open-day\\\/#breadcrumb\",\"itemListElement\":[{\"@type\":\"ListItem\",\"position\":1,\"name\":\"Home\",\"item\":\"https:\\\/\\\/powertowers.com\\\/nl\\\/\"},{\"@type\":\"ListItem\",\"position\":2,\"name\":\"Power Towers&#8217; First Low-Level Access Open Day!\"}]},{\"@type\":\"WebSite\",\"@id\":\"https:\\\/\\\/powertowers.com\\\/nl\\\/#website\",\"url\":\"https:\\\/\\\/powertowers.com\\\/nl\\\/\",\"name\":\"Power Towers\",\"description\":\"The alternative to ladders, podiums and scaffolding.\",\"publisher\":{\"@id\":\"https:\\\/\\\/powertowers.com\\\/nl\\\/#organization\"},\"potentialAction\":[{\"@type\":\"SearchAction\",\"target\":{\"@type\":\"EntryPoint\",\"urlTemplate\":\"https:\\\/\\\/powertowers.com\\\/nl\\\/?s={search_term_string}\"},\"query-input\":{\"@type\":\"PropertyValueSpecification\",\"valueRequired\":true,\"valueName\":\"search_term_string\"}}],\"inLanguage\":\"fi\"},{\"@type\":\"Organization\",\"@id\":\"https:\\\/\\\/powertowers.com\\\/nl\\\/#organization\",\"name\":\"Power Towers Ltd.\",\"url\":\"https:\\\/\\\/powertowers.com\\\/nl\\\/\",\"logo\":{\"@type\":\"ImageObject\",\"inLanguage\":\"fi\",\"@id\":\"https:\\\/\\\/powertowers.com\\\/nl\\\/#\\\/schema\\\/logo\\\/image\\\/\",\"url\":\"https:\\\/\\\/37.148.206.186\\\/wp-content\\\/uploads\\\/2021\\\/12\\\/power-towers-new-logo-outline-1024px.png\",\"contentUrl\":\"https:\\\/\\\/37.148.206.186\\\/wp-content\\\/uploads\\\/2021\\\/12\\\/power-towers-new-logo-outline-1024px.png\",\"width\":1024,\"height\":209,\"caption\":\"Power Towers Ltd.\"},\"image\":{\"@id\":\"https:\\\/\\\/powertowers.com\\\/nl\\\/#\\\/schema\\\/logo\\\/image\\\/\"}},{\"@type\":\"Person\",\"@id\":\"https:\\\/\\\/powertowers.com\\\/nl\\\/#\\\/schema\\\/person\\\/ca50278783201f2c9e8e7d2f99f59804\",\"name\":\"Yulia Lubetska\",\"image\":{\"@type\":\"ImageObject\",\"inLanguage\":\"fi\",\"@id\":\"https:\\\/\\\/secure.gravatar.com\\\/avatar\\\/b1eb6511e352ec1361b66796587d03ccf5c6ad02ce6c813d72bfa2df7938c7f1?s=96&d=mm&r=g\",\"url\":\"https:\\\/\\\/secure.gravatar.com\\\/avatar\\\/b1eb6511e352ec1361b66796587d03ccf5c6ad02ce6c813d72bfa2df7938c7f1?s=96&d=mm&r=g\",\"contentUrl\":\"https:\\\/\\\/secure.gravatar.com\\\/avatar\\\/b1eb6511e352ec1361b66796587d03ccf5c6ad02ce6c813d72bfa2df7938c7f1?s=96&d=mm&r=g\",\"caption\":\"Yulia Lubetska\"},\"url\":\"https:\\\/\\\/powertowers.com\\\/fi\\\/author\\\/yulia-pt\\\/\"}]}<\/script>\n<!-- \/ Yoast SEO plugin. -->","yoast_head_json":{"title":"Power Towersin ensimm\u00e4inen matalan tason p\u00e4\u00e4sy avoimien ovien p\u00e4iv\u00e4! - Power Towers","description":"Power Towers j\u00e4rjesti 31. lokakuuta Leicesteriss\u00e4 sijaitsevassa tehtaassamme ensimm\u00e4isen Low-Level Access Open Day -tapahtuman eri alojen asiantuntijoille.","robots":{"index":"index","follow":"follow","max-snippet":"max-snippet:-1","max-image-preview":"max-image-preview:large","max-video-preview":"max-video-preview:-1"},"canonical":"https:\/\/powertowers.com\/fi\/power-towers-ensimmainen-matalan-tason-avointen-ovien-paiva\/","og_locale":"fi_FI","og_type":"article","og_title":"Power Towers' First Low-Level Access Open Day! - Power Towers","og_description":"On October 31st, Power Towers hosted first Low-Level Access Open Day at our factory in Leicester for specialists from various industries.","og_url":"https:\/\/powertowers.com\/fi\/power-towers-ensimmainen-matalan-tason-avointen-ovien-paiva\/","og_site_name":"Power Towers","article_published_time":"2023-11-29T11:28:47+00:00","article_modified_time":"2023-11-29T11:28:48+00:00","og_image":[{"width":1170,"height":640,"url":"https:\/\/powertowers.com\/wp-content\/uploads\/2023\/11\/1698765529101.jpg","type":"image\/jpeg"}],"author":"Yulia Lubetska","twitter_card":"summary_large_image","twitter_misc":{"Kirjoittanut":"Yulia Lubetska","Arvioitu lukuaika":"3 minuuttia"},"schema":{"@context":"https:\/\/schema.org","@graph":[{"@type":"Article","@id":"https:\/\/powertowers.com\/power-towers-first-low-level-access-open-day\/#article","isPartOf":{"@id":"https:\/\/powertowers.com\/power-towers-first-low-level-access-open-day\/"},"author":{"name":"Yulia Lubetska","@id":"https:\/\/powertowers.com\/nl\/#\/schema\/person\/ca50278783201f2c9e8e7d2f99f59804"},"headline":"Power Towers&#8217; First Low-Level Access Open Day!","datePublished":"2023-11-29T11:28:47+00:00","dateModified":"2023-11-29T11:28:48+00:00","mainEntityOfPage":{"@id":"https:\/\/powertowers.com\/power-towers-first-low-level-access-open-day\/"},"wordCount":344,"publisher":{"@id":"https:\/\/powertowers.com\/nl\/#organization"},"image":{"@id":"https:\/\/powertowers.com\/power-towers-first-low-level-access-open-day\/#primaryimage"},"thumbnailUrl":"https:\/\/powertowers.com\/wp-content\/uploads\/2023\/11\/1698765529101.jpg","articleSection":["Power Towers"],"inLanguage":"fi"},{"@type":"WebPage","@id":"https:\/\/powertowers.com\/power-towers-first-low-level-access-open-day\/","url":"https:\/\/powertowers.com\/power-towers-first-low-level-access-open-day\/","name":"Power Towersin ensimm\u00e4inen matalan tason p\u00e4\u00e4sy avoimien ovien p\u00e4iv\u00e4! - Power Towers","isPartOf":{"@id":"https:\/\/powertowers.com\/nl\/#website"},"primaryImageOfPage":{"@id":"https:\/\/powertowers.com\/power-towers-first-low-level-access-open-day\/#primaryimage"},"image":{"@id":"https:\/\/powertowers.com\/power-towers-first-low-level-access-open-day\/#primaryimage"},"thumbnailUrl":"https:\/\/powertowers.com\/wp-content\/uploads\/2023\/11\/1698765529101.jpg","datePublished":"2023-11-29T11:28:47+00:00","dateModified":"2023-11-29T11:28:48+00:00","description":"Power Towers j\u00e4rjesti 31. lokakuuta Leicesteriss\u00e4 sijaitsevassa tehtaassamme ensimm\u00e4isen Low-Level Access Open Day -tapahtuman eri alojen asiantuntijoille.","breadcrumb":{"@id":"https:\/\/powertowers.com\/power-towers-first-low-level-access-open-day\/#breadcrumb"},"inLanguage":"fi","potentialAction":[{"@type":"ReadAction","target":["https:\/\/powertowers.com\/power-towers-first-low-level-access-open-day\/"]}]},{"@type":"ImageObject","inLanguage":"fi","@id":"https:\/\/powertowers.com\/power-towers-first-low-level-access-open-day\/#primaryimage","url":"https:\/\/powertowers.com\/wp-content\/uploads\/2023\/11\/1698765529101.jpg","contentUrl":"https:\/\/powertowers.com\/wp-content\/uploads\/2023\/11\/1698765529101.jpg","width":1170,"height":640,"caption":"JLG Power Towers stand"},{"@type":"BreadcrumbList","@id":"https:\/\/powertowers.com\/power-towers-first-low-level-access-open-day\/#breadcrumb","itemListElement":[{"@type":"ListItem","position":1,"name":"Home","item":"https:\/\/powertowers.com\/nl\/"},{"@type":"ListItem","position":2,"name":"Power Towers&#8217; First Low-Level Access Open Day!"}]},{"@type":"WebSite","@id":"https:\/\/powertowers.com\/nl\/#website","url":"https:\/\/powertowers.com\/nl\/","name":"Tehotornit","description":"Vaihtoehto tikkaille, korokkeille ja telineille.","publisher":{"@id":"https:\/\/powertowers.com\/nl\/#organization"},"potentialAction":[{"@type":"SearchAction","target":{"@type":"EntryPoint","urlTemplate":"https:\/\/powertowers.com\/nl\/?s={search_term_string}"},"query-input":{"@type":"PropertyValueSpecification","valueRequired":true,"valueName":"search_term_string"}}],"inLanguage":"fi"},{"@type":"Organization","@id":"https:\/\/powertowers.com\/nl\/#organization","name":"Power Towers Ltd.","url":"https:\/\/powertowers.com\/nl\/","logo":{"@type":"ImageObject","inLanguage":"fi","@id":"https:\/\/powertowers.com\/nl\/#\/schema\/logo\/image\/","url":"https:\/\/37.148.206.186\/wp-content\/uploads\/2021\/12\/power-towers-new-logo-outline-1024px.png","contentUrl":"https:\/\/37.148.206.186\/wp-content\/uploads\/2021\/12\/power-towers-new-logo-outline-1024px.png","width":1024,"height":209,"caption":"Power Towers Ltd."},"image":{"@id":"https:\/\/powertowers.com\/nl\/#\/schema\/logo\/image\/"}},{"@type":"Person","@id":"https:\/\/powertowers.com\/nl\/#\/schema\/person\/ca50278783201f2c9e8e7d2f99f59804","name":"Julia Lubetska","image":{"@type":"ImageObject","inLanguage":"fi","@id":"https:\/\/secure.gravatar.com\/avatar\/b1eb6511e352ec1361b66796587d03ccf5c6ad02ce6c813d72bfa2df7938c7f1?s=96&d=mm&r=g","url":"https:\/\/secure.gravatar.com\/avatar\/b1eb6511e352ec1361b66796587d03ccf5c6ad02ce6c813d72bfa2df7938c7f1?s=96&d=mm&r=g","contentUrl":"https:\/\/secure.gravatar.com\/avatar\/b1eb6511e352ec1361b66796587d03ccf5c6ad02ce6c813d72bfa2df7938c7f1?s=96&d=mm&r=g","caption":"Yulia Lubetska"},"url":"https:\/\/powertowers.com\/fi\/author\/yulia-pt\/"}]}},"_links":{"self":[{"href":"https:\/\/powertowers.com\/fi\/wp-json\/wp\/v2\/posts\/4567","targetHints":{"allow":["GET"]}}],"collection":[{"href":"https:\/\/powertowers.com\/fi\/wp-json\/wp\/v2\/posts"}],"about":[{"href":"https:\/\/powertowers.com\/fi\/wp-json\/wp\/v2\/types\/post"}],"author":[{"embeddable":true,"href":"https:\/\/powertowers.com\/fi\/wp-json\/wp\/v2\/users\/5"}],"replies":[{"embeddable":true,"href":"https:\/\/powertowers.com\/fi\/wp-json\/wp\/v2\/comments?post=4567"}],"version-history":[{"count":8,"href":"https:\/\/powertowers.com\/fi\/wp-json\/wp\/v2\/posts\/4567\/revisions"}],"predecessor-version":[{"id":4579,"href":"https:\/\/powertowers.com\/fi\/wp-json\/wp\/v2\/posts\/4567\/revisions\/4579"}],"wp:featuredmedia":[{"embeddable":true,"href":"https:\/\/powertowers.com\/fi\/wp-json\/wp\/v2\/media\/4571"}],"wp:attachment":[{"href":"https:\/\/powertowers.com\/fi\/wp-json\/wp\/v2\/media?parent=4567"}],"wp:term":[{"taxonomy":"category","embeddable":true,"href":"https:\/\/powertowers.com\/fi\/wp-json\/wp\/v2\/categories?post=4567"},{"taxonomy":"post_tag","embeddable":true,"href":"https:\/\/powertowers.com\/fi\/wp-json\/wp\/v2\/tags?post=4567"}],"curies":[{"name":"wp","href":"https:\/\/api.w.org\/{rel}","templated":true}]}}