{"id":4567,"date":"2023-11-29T12:28:47","date_gmt":"2023-11-29T11:28:47","guid":{"rendered":"https:\/\/37.148.206.186\/?p=4567"},"modified":"2023-11-29T12:28:48","modified_gmt":"2023-11-29T11:28:48","slug":"prvni-den-otevrenych-dveri-pro-nizkourovnove-pristupy-k-energetickym-vezim","status":"publish","type":"post","link":"https:\/\/powertowers.com\/cs\/power-towers-first-low-level-access-open-day\/","title":{"rendered":"Prvn\u00ed den otev\u0159en\u00fdch dve\u0159\u00ed spole\u010dnosti Power Towers s n\u00edzko\u00farov\u0148ov\u00fdm p\u0159\u00edstupem!"},"content":{"rendered":"<p>31. \u0159\u00edjna<sup>st<\/sup>, jsme otev\u0159eli dve\u0159e na\u0161\u00ed tov\u00e1rny v Leicesteru pro t\u0159\u00eddenn\u00ed akci, kter\u00e9 se z\u00fa\u010dastnili odborn\u00edci na n\u00edzko\u00farov\u0148ov\u00fd p\u0159\u00edstup z r\u016fzn\u00fdch pr\u016fmyslov\u00fdch odv\u011btv\u00ed. Tato akce byla jedine\u010dnou p\u0159\u00edle\u017eitost\u00ed pro podobn\u011b sm\u00fd\u0161lej\u00edc\u00ed odborn\u00edky, aby se spojili, u\u010dili a zapojili. Tento \u010dl\u00e1nek se v\u011bnoval n\u011bkter\u00fdm z nejzaj\u00edmav\u011bj\u0161\u00edch bod\u016f akce.<\/p>\n\n\n<div class=\"wp-block-image\">\n<figure class=\"aligncenter size-large is-resized\"><img fetchpriority=\"high\" decoding=\"async\" width=\"1024\" height=\"586\" src=\"https:\/\/37.148.206.186\/wp-content\/uploads\/2023\/11\/1698765529279-1024x586.jpg\" alt=\"Ecolift a Pecolift v Power Towers Low Level Access Day\" class=\"wp-image-4568\" style=\"width:634px;height:auto\" srcset=\"https:\/\/powertowers.com\/wp-content\/uploads\/2023\/11\/1698765529279-1024x586.jpg 1024w, https:\/\/powertowers.com\/wp-content\/uploads\/2023\/11\/1698765529279-300x172.jpg 300w, https:\/\/powertowers.com\/wp-content\/uploads\/2023\/11\/1698765529279-768x439.jpg 768w, https:\/\/powertowers.com\/wp-content\/uploads\/2023\/11\/1698765529279-18x10.jpg 18w, https:\/\/powertowers.com\/wp-content\/uploads\/2023\/11\/1698765529279.jpg 1170w\" sizes=\"(max-width: 1024px) 100vw, 1024px\" \/><\/figure>\n<\/div>\n\n\n<p><\/p>\n\n\n\n<h2 class=\"wp-block-heading\"><strong>1. P\u0159edv\u00e1d\u011bn\u00ed nov\u00fdch v\u00fdrobk\u016f a technologi\u00ed<\/strong><\/h2>\n\n\n\n<p>Ve spole\u010dnosti Power Towers se sna\u017e\u00edme posouvat hranice inovac\u00ed v oblasti n\u00edzko\u00farov\u0148ov\u00fdch p\u0159\u00edstup\u016f. B\u011bhem Dne otev\u0159en\u00fdch dve\u0159\u00ed m\u011bli \u00fa\u010dastn\u00edci mo\u017enost vid\u011bt \u017eiv\u00e9 uk\u00e1zky na\u0161ich nejnov\u011bj\u0161\u00edch produkt\u016f a prototyp\u016f. Tyto uk\u00e1zky p\u0159edstavily pokro\u010dil\u00e9 funkce, bezpe\u010dnostn\u00ed vylep\u0161en\u00ed a vy\u0161\u0161\u00ed \u00fa\u010dinnost na\u0161ich nov\u00fdch nab\u00eddek.<\/p>\n\n\n<div class=\"wp-block-image\">\n<figure class=\"aligncenter size-large is-resized\"><img decoding=\"async\" width=\"947\" height=\"1024\" src=\"https:\/\/37.148.206.186\/wp-content\/uploads\/2023\/11\/1699012247349-947x1024.jpg\" alt=\"Prezentace produktov\u00e9ho sm\u011bru v r\u00e1mci Dne otev\u0159en\u00fdch dve\u0159\u00ed LLA\" class=\"wp-image-4570\" style=\"width:371px;height:auto\" srcset=\"https:\/\/powertowers.com\/wp-content\/uploads\/2023\/11\/1699012247349-947x1024.jpg 947w, https:\/\/powertowers.com\/wp-content\/uploads\/2023\/11\/1699012247349-277x300.jpg 277w, https:\/\/powertowers.com\/wp-content\/uploads\/2023\/11\/1699012247349-768x831.jpg 768w, https:\/\/powertowers.com\/wp-content\/uploads\/2023\/11\/1699012247349-11x12.jpg 11w, https:\/\/powertowers.com\/wp-content\/uploads\/2023\/11\/1699012247349.jpg 1420w\" sizes=\"(max-width: 947px) 100vw, 947px\" \/><\/figure>\n<\/div>\n\n\n<h2 class=\"wp-block-heading\"><strong>2. 2024 Prezentace nov\u00e9ho sm\u011bru produkt\u016f<\/strong><\/h2>\n\n\n\n<p>N\u00e1\u0161 gener\u00e1ln\u00ed \u0159editel p\u0159edstavil sm\u011br v\u00fdvoje nov\u00fdch produkt\u016f (NPD) v roce 2024. Tato zasv\u011bcen\u00e1 prezentace umo\u017enila nahl\u00e9dnout do pokrok\u016f, kter\u00e9 mohou specialist\u00e9 na n\u00edzkou \u00farove\u0148 o\u010dek\u00e1vat v nejbli\u017e\u0161\u00ed budoucnosti.<\/p>\n\n\n\n<h2 class=\"wp-block-heading\"><strong>3. Prohl\u00eddka tov\u00e1rny<\/strong><\/h2>\n\n\n\n<p>Spole\u010dnost Power Towers pozvala n\u00e1v\u0161t\u011bvn\u00edky do z\u00e1kulis\u00ed a prozkoumala srdce sv\u00e9ho provozu. Prohl\u00eddka tov\u00e1rny p\u0159edstavila v\u00fdrobn\u00ed proces, kontrolu kvality a testovac\u00ed postupy, kter\u00e9 zaji\u0161\u0165uj\u00ed, \u017ee na\u0161e v\u00fdrobky spl\u0148uj\u00ed nejvy\u0161\u0161\u00ed standardy. Na\u0161i host\u00e9 z\u00edskali hlub\u0161\u00ed p\u0159edstavu o tom, jak se produkty Power Towers vyr\u00e1b\u011bj\u00ed a jak\u00fdmi kontrolami kvality proch\u00e1zej\u00ed, ne\u017e se dostanou na trh.<\/p>\n\n\n\n<h2 class=\"wp-block-heading\"><strong>4. P\u0159\u00edle\u017eitosti k navazov\u00e1n\u00ed kontakt\u016f<\/strong><\/h2>\n\n\n\n<p>Jedn\u00edm z nejv\u00fdznamn\u011bj\u0161\u00edch p\u0159\u00ednos\u016f \u00fa\u010dasti na oborov\u00fdch akc\u00edch je mo\u017enost nav\u00e1zat kontakt s kolegy a odborn\u00edky se spole\u010dnou v\u00e1\u0161n\u00ed a z\u00e1jmy. Den otev\u0159en\u00fdch dve\u0159\u00ed Power Towers Low-Level Access poskytl \u00fa\u010dastn\u00edk\u016fm dostatek p\u0159\u00edle\u017eitost\u00ed k nav\u00e1z\u00e1n\u00ed kontakt\u016f a mo\u017enost vym\u011bnit si sv\u00e9 n\u00e1pady, zku\u0161enosti a post\u0159ehy s ostatn\u00edmi pracovn\u00edky v oboru.<\/p>\n\n\n<div class=\"wp-block-image\">\n<figure class=\"aligncenter size-large is-resized\"><img decoding=\"async\" width=\"993\" height=\"1024\" src=\"https:\/\/37.148.206.186\/wp-content\/uploads\/2023\/11\/1699012248669-993x1024.jpg\" alt=\"Den otev\u0159en\u00fdch dve\u0159\u00ed pro n\u00edzko\u00farov\u0148ov\u00e9 p\u0159\u00edstupy \u0158ada mobiln\u00edch zdvihac\u00edch plo\u0161in Power Towers\" class=\"wp-image-4569\" style=\"width:431px;height:auto\" srcset=\"https:\/\/powertowers.com\/wp-content\/uploads\/2023\/11\/1699012248669-993x1024.jpg 993w, https:\/\/powertowers.com\/wp-content\/uploads\/2023\/11\/1699012248669-291x300.jpg 291w, https:\/\/powertowers.com\/wp-content\/uploads\/2023\/11\/1699012248669-768x792.jpg 768w, https:\/\/powertowers.com\/wp-content\/uploads\/2023\/11\/1699012248669-12x12.jpg 12w, https:\/\/powertowers.com\/wp-content\/uploads\/2023\/11\/1699012248669.jpg 1489w\" sizes=\"(max-width: 993px) 100vw, 993px\" \/><\/figure>\n<\/div>\n\n\n<h2 class=\"wp-block-heading\"><strong>Z\u00e1v\u011br<\/strong><\/h2>\n\n\n\n<p>Den otev\u0159en\u00fdch dve\u0159\u00ed Power Towers Low-Level Access byl na\u0161\u00ed pilotn\u00ed akc\u00ed a byli jsme velmi spokojeni s n\u00e1v\u0161t\u011bvnost\u00ed a \u00fa\u010dast\u00ed.  Byli jsme tak\u00e9 vd\u011b\u010dn\u00ed za cennou zp\u011btnou vazbu, kterou n\u00e1m b\u011bhem akce poskytli na\u0161i z\u00e1kazn\u00edci. <\/p>\n\n\n\n<p>Pokud chcete b\u00fdt mezi prvn\u00edmi, kdo se dozv\u00ed o novink\u00e1ch z Power Towers, p\u0159ihlaste se k odb\u011bru na\u0161eho newsletteru a sledujte n\u00e1s na webu.<a href=\"https:\/\/www.linkedin.com\/company\/22152427\/admin\/feed\/posts\/\"> LinkedIn<\/a>! <\/p>\n\n\n\n<p>Dal\u0161\u00ed informace o \u0159ad\u011b mobiln\u00edch zdvihac\u00edch plo\u0161in Power Towers: <a href=\"https:\/\/37.148.206.186\/mobile-elevating-platforms\/\">P\u0159\u00edstupov\u00e9 plo\u0161iny - N\u00e1kup pracovn\u00edch plo\u0161in | Power Towers<\/a><\/p>","protected":false},"excerpt":{"rendered":"<p>31. \u0159\u00edjna jsme otev\u0159eli dve\u0159e na\u0161\u00ed tov\u00e1rny v Leicesteru a uspo\u0159\u00e1dali t\u0159\u00eddenn\u00ed akci, kter\u00e9 se z\u00fa\u010dastnili odborn\u00edci na n\u00edzko\u00farov\u0148ov\u00fd p\u0159\u00edstup z r\u016fzn\u00fdch pr\u016fmyslov\u00fdch odv\u011btv\u00ed. Tato akce byla jedine\u010dnou p\u0159\u00edle\u017eitost\u00ed pro podobn\u011b sm\u00fd\u0161lej\u00edc\u00ed odborn\u00edky, aby se spojili, u\u010dili a zapojili. Tento \u010dl\u00e1nek se v\u011bnoval n\u011bkter\u00fdm nejzaj\u00edmav\u011bj\u0161\u00edm bod\u016fm akce. 1. P\u0159edv\u00e1d\u011bn\u00ed nov\u00fdch v\u00fdrobk\u016f a technologi\u00ed ... <\/p>\n<p class=\"link-more\"><a href=\"https:\/\/powertowers.com\/cs\/power-towers-first-low-level-access-open-day\/\" class=\"more-link\">Pokra\u010dovat ve \u010dten\u00ed<span class=\"screen-reader-text\"> \"Prvn\u00ed den otev\u0159en\u00fdch dve\u0159\u00ed spole\u010dnosti Power Towers s n\u00edzko\u00farov\u0148ov\u00fdm p\u0159\u00edstupem!\"<\/span><\/a><\/p>","protected":false},"author":5,"featured_media":4571,"comment_status":"closed","ping_status":"open","sticky":false,"template":"","format":"standard","meta":{"content-type":"","footnotes":""},"categories":[9],"tags":[],"class_list":["post-4567","post","type-post","status-publish","format-standard","has-post-thumbnail","hentry","category-power-towers","entry"],"yoast_head":"<!-- This site is optimized with the Yoast SEO plugin v27.4 - https:\/\/yoast.com\/product\/yoast-seo-wordpress\/ -->\n<title>Power Towers&#039; First Low-Level Access Open Day! - Power Towers<\/title>\n<meta name=\"description\" content=\"On October 31st, Power Towers hosted first Low-Level Access Open Day at our factory in Leicester for specialists from various industries.\" \/>\n<meta name=\"robots\" content=\"index, follow, max-snippet:-1, max-image-preview:large, max-video-preview:-1\" \/>\n<link rel=\"canonical\" href=\"https:\/\/powertowers.com\/cs\/prvni-den-otevrenych-dveri-pro-nizkourovnove-pristupy-k-energetickym-vezim\/\" \/>\n<meta property=\"og:locale\" content=\"cs_CZ\" \/>\n<meta property=\"og:type\" content=\"article\" \/>\n<meta property=\"og:title\" content=\"Power Towers&#039; First Low-Level Access Open Day! - Power Towers\" \/>\n<meta property=\"og:description\" content=\"On October 31st, Power Towers hosted first Low-Level Access Open Day at our factory in Leicester for specialists from various industries.\" \/>\n<meta property=\"og:url\" content=\"https:\/\/powertowers.com\/cs\/prvni-den-otevrenych-dveri-pro-nizkourovnove-pristupy-k-energetickym-vezim\/\" \/>\n<meta property=\"og:site_name\" content=\"Power Towers\" \/>\n<meta property=\"article:published_time\" content=\"2023-11-29T11:28:47+00:00\" \/>\n<meta property=\"article:modified_time\" content=\"2023-11-29T11:28:48+00:00\" \/>\n<meta property=\"og:image\" content=\"https:\/\/powertowers.com\/wp-content\/uploads\/2023\/11\/1698765529101.jpg\" \/>\n\t<meta property=\"og:image:width\" content=\"1170\" \/>\n\t<meta property=\"og:image:height\" content=\"640\" \/>\n\t<meta property=\"og:image:type\" content=\"image\/jpeg\" \/>\n<meta name=\"author\" content=\"Yulia Lubetska\" \/>\n<meta name=\"twitter:card\" content=\"summary_large_image\" \/>\n<meta name=\"twitter:label1\" content=\"Napsal(a)\" \/>\n\t<meta name=\"twitter:data1\" content=\"Yulia Lubetska\" \/>\n\t<meta name=\"twitter:label2\" content=\"Odhadovan\u00e1 doba \u010dten\u00ed\" \/>\n\t<meta name=\"twitter:data2\" content=\"3 minuty\" \/>\n<script type=\"application\/ld+json\" class=\"yoast-schema-graph\">{\"@context\":\"https:\\\/\\\/schema.org\",\"@graph\":[{\"@type\":\"Article\",\"@id\":\"https:\\\/\\\/powertowers.com\\\/power-towers-first-low-level-access-open-day\\\/#article\",\"isPartOf\":{\"@id\":\"https:\\\/\\\/powertowers.com\\\/power-towers-first-low-level-access-open-day\\\/\"},\"author\":{\"name\":\"Yulia Lubetska\",\"@id\":\"https:\\\/\\\/powertowers.com\\\/nl\\\/#\\\/schema\\\/person\\\/ca50278783201f2c9e8e7d2f99f59804\"},\"headline\":\"Power Towers&#8217; First Low-Level Access Open Day!\",\"datePublished\":\"2023-11-29T11:28:47+00:00\",\"dateModified\":\"2023-11-29T11:28:48+00:00\",\"mainEntityOfPage\":{\"@id\":\"https:\\\/\\\/powertowers.com\\\/power-towers-first-low-level-access-open-day\\\/\"},\"wordCount\":344,\"publisher\":{\"@id\":\"https:\\\/\\\/powertowers.com\\\/nl\\\/#organization\"},\"image\":{\"@id\":\"https:\\\/\\\/powertowers.com\\\/power-towers-first-low-level-access-open-day\\\/#primaryimage\"},\"thumbnailUrl\":\"https:\\\/\\\/powertowers.com\\\/wp-content\\\/uploads\\\/2023\\\/11\\\/1698765529101.jpg\",\"articleSection\":[\"Power Towers\"],\"inLanguage\":\"cs\"},{\"@type\":\"WebPage\",\"@id\":\"https:\\\/\\\/powertowers.com\\\/power-towers-first-low-level-access-open-day\\\/\",\"url\":\"https:\\\/\\\/powertowers.com\\\/power-towers-first-low-level-access-open-day\\\/\",\"name\":\"Power Towers' First Low-Level Access Open Day! - Power Towers\",\"isPartOf\":{\"@id\":\"https:\\\/\\\/powertowers.com\\\/nl\\\/#website\"},\"primaryImageOfPage\":{\"@id\":\"https:\\\/\\\/powertowers.com\\\/power-towers-first-low-level-access-open-day\\\/#primaryimage\"},\"image\":{\"@id\":\"https:\\\/\\\/powertowers.com\\\/power-towers-first-low-level-access-open-day\\\/#primaryimage\"},\"thumbnailUrl\":\"https:\\\/\\\/powertowers.com\\\/wp-content\\\/uploads\\\/2023\\\/11\\\/1698765529101.jpg\",\"datePublished\":\"2023-11-29T11:28:47+00:00\",\"dateModified\":\"2023-11-29T11:28:48+00:00\",\"description\":\"On October 31st, Power Towers hosted first Low-Level Access Open Day at our factory in Leicester for specialists from various industries.\",\"breadcrumb\":{\"@id\":\"https:\\\/\\\/powertowers.com\\\/power-towers-first-low-level-access-open-day\\\/#breadcrumb\"},\"inLanguage\":\"cs\",\"potentialAction\":[{\"@type\":\"ReadAction\",\"target\":[\"https:\\\/\\\/powertowers.com\\\/power-towers-first-low-level-access-open-day\\\/\"]}]},{\"@type\":\"ImageObject\",\"inLanguage\":\"cs\",\"@id\":\"https:\\\/\\\/powertowers.com\\\/power-towers-first-low-level-access-open-day\\\/#primaryimage\",\"url\":\"https:\\\/\\\/powertowers.com\\\/wp-content\\\/uploads\\\/2023\\\/11\\\/1698765529101.jpg\",\"contentUrl\":\"https:\\\/\\\/powertowers.com\\\/wp-content\\\/uploads\\\/2023\\\/11\\\/1698765529101.jpg\",\"width\":1170,\"height\":640,\"caption\":\"JLG Power Towers stand\"},{\"@type\":\"BreadcrumbList\",\"@id\":\"https:\\\/\\\/powertowers.com\\\/power-towers-first-low-level-access-open-day\\\/#breadcrumb\",\"itemListElement\":[{\"@type\":\"ListItem\",\"position\":1,\"name\":\"Home\",\"item\":\"https:\\\/\\\/powertowers.com\\\/nl\\\/\"},{\"@type\":\"ListItem\",\"position\":2,\"name\":\"Power Towers&#8217; First Low-Level Access Open Day!\"}]},{\"@type\":\"WebSite\",\"@id\":\"https:\\\/\\\/powertowers.com\\\/nl\\\/#website\",\"url\":\"https:\\\/\\\/powertowers.com\\\/nl\\\/\",\"name\":\"Power Towers\",\"description\":\"The alternative to ladders, podiums and scaffolding.\",\"publisher\":{\"@id\":\"https:\\\/\\\/powertowers.com\\\/nl\\\/#organization\"},\"potentialAction\":[{\"@type\":\"SearchAction\",\"target\":{\"@type\":\"EntryPoint\",\"urlTemplate\":\"https:\\\/\\\/powertowers.com\\\/nl\\\/?s={search_term_string}\"},\"query-input\":{\"@type\":\"PropertyValueSpecification\",\"valueRequired\":true,\"valueName\":\"search_term_string\"}}],\"inLanguage\":\"cs\"},{\"@type\":\"Organization\",\"@id\":\"https:\\\/\\\/powertowers.com\\\/nl\\\/#organization\",\"name\":\"Power Towers Ltd.\",\"url\":\"https:\\\/\\\/powertowers.com\\\/nl\\\/\",\"logo\":{\"@type\":\"ImageObject\",\"inLanguage\":\"cs\",\"@id\":\"https:\\\/\\\/powertowers.com\\\/nl\\\/#\\\/schema\\\/logo\\\/image\\\/\",\"url\":\"https:\\\/\\\/37.148.206.186\\\/wp-content\\\/uploads\\\/2021\\\/12\\\/power-towers-new-logo-outline-1024px.png\",\"contentUrl\":\"https:\\\/\\\/37.148.206.186\\\/wp-content\\\/uploads\\\/2021\\\/12\\\/power-towers-new-logo-outline-1024px.png\",\"width\":1024,\"height\":209,\"caption\":\"Power Towers Ltd.\"},\"image\":{\"@id\":\"https:\\\/\\\/powertowers.com\\\/nl\\\/#\\\/schema\\\/logo\\\/image\\\/\"}},{\"@type\":\"Person\",\"@id\":\"https:\\\/\\\/powertowers.com\\\/nl\\\/#\\\/schema\\\/person\\\/ca50278783201f2c9e8e7d2f99f59804\",\"name\":\"Yulia Lubetska\",\"image\":{\"@type\":\"ImageObject\",\"inLanguage\":\"cs\",\"@id\":\"https:\\\/\\\/secure.gravatar.com\\\/avatar\\\/b1eb6511e352ec1361b66796587d03ccf5c6ad02ce6c813d72bfa2df7938c7f1?s=96&d=mm&r=g\",\"url\":\"https:\\\/\\\/secure.gravatar.com\\\/avatar\\\/b1eb6511e352ec1361b66796587d03ccf5c6ad02ce6c813d72bfa2df7938c7f1?s=96&d=mm&r=g\",\"contentUrl\":\"https:\\\/\\\/secure.gravatar.com\\\/avatar\\\/b1eb6511e352ec1361b66796587d03ccf5c6ad02ce6c813d72bfa2df7938c7f1?s=96&d=mm&r=g\",\"caption\":\"Yulia Lubetska\"},\"url\":\"https:\\\/\\\/powertowers.com\\\/cs\\\/author\\\/yulia-pt\\\/\"}]}<\/script>\n<!-- \/ Yoast SEO plugin. -->","yoast_head_json":{"title":"Prvn\u00ed den otev\u0159en\u00fdch dve\u0159\u00ed spole\u010dnosti Power Towers s n\u00edzko\u00farov\u0148ov\u00fdm p\u0159\u00edstupem! - Power Towers","description":"Dne 31. \u0159\u00edjna uspo\u0159\u00e1dala spole\u010dnost Power Towers v na\u0161\u00ed tov\u00e1rn\u011b v Leicesteru prvn\u00ed Den otev\u0159en\u00fdch dve\u0159\u00ed pro odborn\u00edky z r\u016fzn\u00fdch pr\u016fmyslov\u00fdch odv\u011btv\u00ed.","robots":{"index":"index","follow":"follow","max-snippet":"max-snippet:-1","max-image-preview":"max-image-preview:large","max-video-preview":"max-video-preview:-1"},"canonical":"https:\/\/powertowers.com\/cs\/prvni-den-otevrenych-dveri-pro-nizkourovnove-pristupy-k-energetickym-vezim\/","og_locale":"cs_CZ","og_type":"article","og_title":"Power Towers' First Low-Level Access Open Day! - Power Towers","og_description":"On October 31st, Power Towers hosted first Low-Level Access Open Day at our factory in Leicester for specialists from various industries.","og_url":"https:\/\/powertowers.com\/cs\/prvni-den-otevrenych-dveri-pro-nizkourovnove-pristupy-k-energetickym-vezim\/","og_site_name":"Power Towers","article_published_time":"2023-11-29T11:28:47+00:00","article_modified_time":"2023-11-29T11:28:48+00:00","og_image":[{"width":1170,"height":640,"url":"https:\/\/powertowers.com\/wp-content\/uploads\/2023\/11\/1698765529101.jpg","type":"image\/jpeg"}],"author":"Yulia Lubetska","twitter_card":"summary_large_image","twitter_misc":{"Napsal(a)":"Yulia Lubetska","Odhadovan\u00e1 doba \u010dten\u00ed":"3 minuty"},"schema":{"@context":"https:\/\/schema.org","@graph":[{"@type":"Article","@id":"https:\/\/powertowers.com\/power-towers-first-low-level-access-open-day\/#article","isPartOf":{"@id":"https:\/\/powertowers.com\/power-towers-first-low-level-access-open-day\/"},"author":{"name":"Yulia Lubetska","@id":"https:\/\/powertowers.com\/nl\/#\/schema\/person\/ca50278783201f2c9e8e7d2f99f59804"},"headline":"Power Towers&#8217; First Low-Level Access Open Day!","datePublished":"2023-11-29T11:28:47+00:00","dateModified":"2023-11-29T11:28:48+00:00","mainEntityOfPage":{"@id":"https:\/\/powertowers.com\/power-towers-first-low-level-access-open-day\/"},"wordCount":344,"publisher":{"@id":"https:\/\/powertowers.com\/nl\/#organization"},"image":{"@id":"https:\/\/powertowers.com\/power-towers-first-low-level-access-open-day\/#primaryimage"},"thumbnailUrl":"https:\/\/powertowers.com\/wp-content\/uploads\/2023\/11\/1698765529101.jpg","articleSection":["Power Towers"],"inLanguage":"cs"},{"@type":"WebPage","@id":"https:\/\/powertowers.com\/power-towers-first-low-level-access-open-day\/","url":"https:\/\/powertowers.com\/power-towers-first-low-level-access-open-day\/","name":"Prvn\u00ed den otev\u0159en\u00fdch dve\u0159\u00ed spole\u010dnosti Power Towers s n\u00edzko\u00farov\u0148ov\u00fdm p\u0159\u00edstupem! - Power Towers","isPartOf":{"@id":"https:\/\/powertowers.com\/nl\/#website"},"primaryImageOfPage":{"@id":"https:\/\/powertowers.com\/power-towers-first-low-level-access-open-day\/#primaryimage"},"image":{"@id":"https:\/\/powertowers.com\/power-towers-first-low-level-access-open-day\/#primaryimage"},"thumbnailUrl":"https:\/\/powertowers.com\/wp-content\/uploads\/2023\/11\/1698765529101.jpg","datePublished":"2023-11-29T11:28:47+00:00","dateModified":"2023-11-29T11:28:48+00:00","description":"Dne 31. \u0159\u00edjna uspo\u0159\u00e1dala spole\u010dnost Power Towers v na\u0161\u00ed tov\u00e1rn\u011b v Leicesteru prvn\u00ed Den otev\u0159en\u00fdch dve\u0159\u00ed pro odborn\u00edky z r\u016fzn\u00fdch pr\u016fmyslov\u00fdch odv\u011btv\u00ed.","breadcrumb":{"@id":"https:\/\/powertowers.com\/power-towers-first-low-level-access-open-day\/#breadcrumb"},"inLanguage":"cs","potentialAction":[{"@type":"ReadAction","target":["https:\/\/powertowers.com\/power-towers-first-low-level-access-open-day\/"]}]},{"@type":"ImageObject","inLanguage":"cs","@id":"https:\/\/powertowers.com\/power-towers-first-low-level-access-open-day\/#primaryimage","url":"https:\/\/powertowers.com\/wp-content\/uploads\/2023\/11\/1698765529101.jpg","contentUrl":"https:\/\/powertowers.com\/wp-content\/uploads\/2023\/11\/1698765529101.jpg","width":1170,"height":640,"caption":"JLG Power Towers stand"},{"@type":"BreadcrumbList","@id":"https:\/\/powertowers.com\/power-towers-first-low-level-access-open-day\/#breadcrumb","itemListElement":[{"@type":"ListItem","position":1,"name":"Home","item":"https:\/\/powertowers.com\/nl\/"},{"@type":"ListItem","position":2,"name":"Power Towers&#8217; First Low-Level Access Open Day!"}]},{"@type":"WebSite","@id":"https:\/\/powertowers.com\/nl\/#website","url":"https:\/\/powertowers.com\/nl\/","name":"Energetick\u00e9 v\u011b\u017ee","description":"Alternativa \u017eeb\u0159\u00edk\u016f, p\u00f3di\u00ed a le\u0161en\u00ed.","publisher":{"@id":"https:\/\/powertowers.com\/nl\/#organization"},"potentialAction":[{"@type":"SearchAction","target":{"@type":"EntryPoint","urlTemplate":"https:\/\/powertowers.com\/nl\/?s={search_term_string}"},"query-input":{"@type":"PropertyValueSpecification","valueRequired":true,"valueName":"search_term_string"}}],"inLanguage":"cs"},{"@type":"Organization","@id":"https:\/\/powertowers.com\/nl\/#organization","name":"Power Towers Ltd.","url":"https:\/\/powertowers.com\/nl\/","logo":{"@type":"ImageObject","inLanguage":"cs","@id":"https:\/\/powertowers.com\/nl\/#\/schema\/logo\/image\/","url":"https:\/\/37.148.206.186\/wp-content\/uploads\/2021\/12\/power-towers-new-logo-outline-1024px.png","contentUrl":"https:\/\/37.148.206.186\/wp-content\/uploads\/2021\/12\/power-towers-new-logo-outline-1024px.png","width":1024,"height":209,"caption":"Power Towers Ltd."},"image":{"@id":"https:\/\/powertowers.com\/nl\/#\/schema\/logo\/image\/"}},{"@type":"Person","@id":"https:\/\/powertowers.com\/nl\/#\/schema\/person\/ca50278783201f2c9e8e7d2f99f59804","name":"Yulia Lubetska","image":{"@type":"ImageObject","inLanguage":"cs","@id":"https:\/\/secure.gravatar.com\/avatar\/b1eb6511e352ec1361b66796587d03ccf5c6ad02ce6c813d72bfa2df7938c7f1?s=96&d=mm&r=g","url":"https:\/\/secure.gravatar.com\/avatar\/b1eb6511e352ec1361b66796587d03ccf5c6ad02ce6c813d72bfa2df7938c7f1?s=96&d=mm&r=g","contentUrl":"https:\/\/secure.gravatar.com\/avatar\/b1eb6511e352ec1361b66796587d03ccf5c6ad02ce6c813d72bfa2df7938c7f1?s=96&d=mm&r=g","caption":"Yulia Lubetska"},"url":"https:\/\/powertowers.com\/cs\/author\/yulia-pt\/"}]}},"_links":{"self":[{"href":"https:\/\/powertowers.com\/cs\/wp-json\/wp\/v2\/posts\/4567","targetHints":{"allow":["GET"]}}],"collection":[{"href":"https:\/\/powertowers.com\/cs\/wp-json\/wp\/v2\/posts"}],"about":[{"href":"https:\/\/powertowers.com\/cs\/wp-json\/wp\/v2\/types\/post"}],"author":[{"embeddable":true,"href":"https:\/\/powertowers.com\/cs\/wp-json\/wp\/v2\/users\/5"}],"replies":[{"embeddable":true,"href":"https:\/\/powertowers.com\/cs\/wp-json\/wp\/v2\/comments?post=4567"}],"version-history":[{"count":8,"href":"https:\/\/powertowers.com\/cs\/wp-json\/wp\/v2\/posts\/4567\/revisions"}],"predecessor-version":[{"id":4579,"href":"https:\/\/powertowers.com\/cs\/wp-json\/wp\/v2\/posts\/4567\/revisions\/4579"}],"wp:featuredmedia":[{"embeddable":true,"href":"https:\/\/powertowers.com\/cs\/wp-json\/wp\/v2\/media\/4571"}],"wp:attachment":[{"href":"https:\/\/powertowers.com\/cs\/wp-json\/wp\/v2\/media?parent=4567"}],"wp:term":[{"taxonomy":"category","embeddable":true,"href":"https:\/\/powertowers.com\/cs\/wp-json\/wp\/v2\/categories?post=4567"},{"taxonomy":"post_tag","embeddable":true,"href":"https:\/\/powertowers.com\/cs\/wp-json\/wp\/v2\/tags?post=4567"}],"curies":[{"name":"wp","href":"https:\/\/api.w.org\/{rel}","templated":true}]}}