{"id":3041,"date":"2023-03-15T10:57:26","date_gmt":"2023-03-15T09:57:26","guid":{"rendered":"https:\/\/37.148.206.186\/?p=3041"},"modified":"2023-03-15T11:36:05","modified_gmt":"2023-03-15T10:36:05","slug":"peco-dc-bylo-predstaveno-na-veletrhu-data-center-world","status":"publish","type":"post","link":"https:\/\/powertowers.com\/cs\/peco-dc-was-presented-at-data-center-world\/","title":{"rendered":"Spole\u010dnost Peco DC byla p\u0159edstavena na veletrhu Data Center World"},"content":{"rendered":"<p>Na 8<sup>th<\/sup> a 9<sup>th<\/sup> b\u0159ezna se v lond\u00fdnsk\u00e9m ExCeLu konala ka\u017edoro\u010dn\u00ed akce Data Center World. Jedn\u00e1 se o jednu z nejv\u011bt\u0161\u00edch a nejobl\u00edben\u011bj\u0161\u00edch akc\u00ed v oblasti technologi\u00ed datov\u00fdch center na sv\u011bt\u011b. St\u00e1le p\u0159in\u00e1\u0161\u00ed nejnov\u011bj\u0161\u00ed trendy a \u0159e\u0161en\u00ed, kter\u00e1 datov\u00fdm centr\u016fm na glob\u00e1ln\u00ed \u00farovni umo\u017e\u0148uj\u00ed \u010delit v\u00fdzv\u00e1m, jim\u017e \u010del\u00ed. Data Center World je sou\u010d\u00e1st\u00ed ocen\u011bn\u00e9 v\u00fdstavy AEO Tech Show London, kter\u00e1 sdru\u017euje p\u011bt p\u0159edn\u00edch technologick\u00fdch akc\u00ed: Big Data &amp; AI World, Cloud Expo Europe, Cloud &amp; Cyber Security Expo, Data Centre World a DevOps Live.&nbsp;<\/p>\n\n\n<div class=\"wp-block-image\">\n<figure class=\"alignright size-full is-resized\"><img fetchpriority=\"high\" decoding=\"async\" src=\"https:\/\/37.148.206.186\/wp-content\/uploads\/2023\/03\/Daxten-show.jpg\" alt=\"\" class=\"wp-image-3042\" width=\"368\" height=\"491\" srcset=\"https:\/\/powertowers.com\/wp-content\/uploads\/2023\/03\/Daxten-show.jpg 768w, https:\/\/powertowers.com\/wp-content\/uploads\/2023\/03\/Daxten-show-225x300.jpg 225w, https:\/\/powertowers.com\/wp-content\/uploads\/2023\/03\/Daxten-show-9x12.jpg 9w\" sizes=\"(max-width: 368px) 100vw, 368px\" \/><\/figure>\n<\/div>\n\n\n<p>Spole\u010dnost Power Towers m\u011bla mo\u017enost z\u00fa\u010dastnit se t\u00e9to akce spole\u010dn\u011b s na\u0161\u00edm partnerem ze Spojen\u00e9ho kr\u00e1lovstv\u00ed - spole\u010dnost\u00ed Daxten. B\u011bhem akce spole\u010dnost Daxten p\u0159edvedla nejnov\u011bj\u0161\u00ed v\u00fdvoj v oblasti kritick\u00fdch rozvod\u016f energie, bezdr\u00e1tov\u00fdch r\u00e1diov\u00fdch syst\u00e9m\u016f nap\u00e1jen\u00ed a monitorov\u00e1n\u00ed \u017eivotn\u00edho prost\u0159ed\u00ed, jako\u017e i syst\u00e9m\u016f detekce \u00fanik\u016f. Spole\u010dnost Daxten rovn\u011b\u017e p\u0159edstavila pln\u011b p\u0159izp\u016fsobiteln\u00e9 rackov\u00e9 jednotky PDU, ultrakompaktn\u00ed \u0159e\u0161en\u00ed ATS a osv\u011bd\u010den\u00e9 postupy pro likvidaci dat a m\u00e9di\u00ed. V r\u00e1mci prezentace p\u0159edstavila spole\u010dnost Daxten sv\u00e9 inteligentn\u00ed n\u00e1stroje a slu\u017eby, kter\u00e9 zjednodu\u0161uj\u00ed instalaci, roz\u0161i\u0159ov\u00e1n\u00ed a \u00fadr\u017ebu datov\u00fdch center.&nbsp;&nbsp;<\/p>\n\n\n\n<p>Spole\u010dnosti Daxten a Power Towers p\u0159edstavily na akci v Lond\u00fdn\u011b vlaky Peco DC. Jedn\u00e1 se o jedine\u010dn\u00fd produkt vytvo\u0159en\u00fd ve spolupr\u00e1ci se spole\u010dnost\u00ed Daxten, kter\u00fd z\u00edskal <a href=\"https:\/\/37.148.206.186\/the-pecodc-has-been-named-as-data-centre-safety-security-innovation-of-the-year\/\">Ocen\u011bn\u00ed DCS 2022<\/a> v kategorii \"Inovace roku v oblasti bezpe\u010dnosti a zabezpe\u010den\u00ed datov\u00fdch center\". Peco DC bylo ocen\u011bno jako bezpe\u010dn\u011bj\u0161\u00ed zp\u016fsob pr\u00e1ce v n\u00edzk\u00fdch v\u00fd\u0161k\u00e1ch p\u0159i prov\u00e1d\u011bn\u00ed instalac\u00ed, kontrol, \u00fadr\u017eby nebo oprav v datov\u00fdch centrech. D\u016fvodem je skute\u010dnost, \u017ee PecoDC byl navr\u017een speci\u00e1ln\u011b pro \u00fazk\u00e9 rackov\u00e9 uli\u010dky v datov\u00fdch centrech a m\u00e1 u\u017e\u0161\u00ed p\u016fdorys ne\u017e standardn\u00ed Pecolift.&nbsp;<\/p>\n\n\n\n<p>D\u011bkujeme v\u0161em, kte\u0159\u00ed se akce z\u00fa\u010dastnili, setkali se s n\u00e1mi, pod\u011blili se o sv\u00e9 my\u0161lenky a zku\u0161enosti s na\u0161\u00ed zna\u010dkou.\u00a0\u00a0<\/p>\n\n\n\n<p>V p\u0159\u00edpad\u011b jak\u00fdchkoli dal\u0161\u00edch dotaz\u016f se m\u016f\u017eete na spole\u010dnost Power Towers obr\u00e1tit e-mailem. <a href=\"mailto:sales@powertowers.com\" target=\"_blank\" rel=\"noreferrer noopener\">sales@powertowers.com<\/a>&nbsp; nebo prost\u0159ednictv\u00edm <a href=\"https:\/\/37.148.206.186\/contact-page\/\">kontaktn\u00ed formul\u00e1\u0159<\/a>.<\/p>\n\n\n\n<p>V\u00edce informac\u00ed o spole\u010dnosti PecoDc naleznete na t\u00e9to adrese <a href=\"mailto:info.uk@daxten.com\" target=\"_blank\" rel=\"noreferrer noopener\">info.uk@daxten.com<\/a>&nbsp;<\/p>","protected":false},"excerpt":{"rendered":"<p>Ve dnech 8. a 9. b\u0159ezna se v lond\u00fdnsk\u00e9m ExCeLu konala ka\u017edoro\u010dn\u00ed akce Data Center World. Jedn\u00e1 se o jednu z nejv\u011bt\u0161\u00edch a nejobl\u00edben\u011bj\u0161\u00edch akc\u00ed zam\u011b\u0159en\u00fdch na technologie datov\u00fdch center na sv\u011bt\u011b. St\u00e1le p\u0159in\u00e1\u0161\u00ed nejnov\u011bj\u0161\u00ed trendy a \u0159e\u0161en\u00ed, kter\u00e1 datov\u00fdm centr\u016fm na glob\u00e1ln\u00ed \u00farovni umo\u017e\u0148uj\u00ed \u010delit v\u00fdzv\u00e1m, jim\u017e \u010del\u00ed. Datov\u00e1 centra se na t\u00e9to konferenci p\u0159edstavila v r\u00e1mci projektu \"Data ... <\/p>\n<p class=\"link-more\"><a href=\"https:\/\/powertowers.com\/cs\/peco-dc-was-presented-at-data-center-world\/\" class=\"more-link\">Pokra\u010dovat ve \u010dten\u00ed<span class=\"screen-reader-text\"> \"Spole\u010dnost Peco DC byla p\u0159edstavena na veletrhu Data Center World\"<\/span><\/a><\/p>","protected":false},"author":5,"featured_media":3049,"comment_status":"open","ping_status":"open","sticky":false,"template":"","format":"standard","meta":{"content-type":"","footnotes":""},"categories":[9],"tags":[],"class_list":["post-3041","post","type-post","status-publish","format-standard","has-post-thumbnail","hentry","category-power-towers","entry"],"yoast_head":"<!-- This site is optimized with the Yoast SEO plugin v27.4 - https:\/\/yoast.com\/product\/yoast-seo-wordpress\/ -->\n<title>Peco DC was presented at Data Center World - Power Towers<\/title>\n<meta name=\"description\" content=\"Peco DC was presented at Data Center World event in London. The product was designed specifically to fit narrow rack aisles in data centers.\" \/>\n<meta name=\"robots\" content=\"index, follow, max-snippet:-1, max-image-preview:large, max-video-preview:-1\" \/>\n<link rel=\"canonical\" href=\"https:\/\/powertowers.com\/cs\/peco-dc-bylo-predstaveno-na-veletrhu-data-center-world\/\" \/>\n<meta property=\"og:locale\" content=\"cs_CZ\" \/>\n<meta property=\"og:type\" content=\"article\" \/>\n<meta property=\"og:title\" content=\"Peco DC was presented at Data Center World - Power Towers\" \/>\n<meta property=\"og:description\" content=\"Peco DC was presented at Data Center World event in London. The product was designed specifically to fit narrow rack aisles in data centers.\" \/>\n<meta property=\"og:url\" content=\"https:\/\/powertowers.com\/cs\/peco-dc-bylo-predstaveno-na-veletrhu-data-center-world\/\" \/>\n<meta property=\"og:site_name\" content=\"Power Towers\" \/>\n<meta property=\"article:published_time\" content=\"2023-03-15T09:57:26+00:00\" \/>\n<meta property=\"article:modified_time\" content=\"2023-03-15T10:36:05+00:00\" \/>\n<meta property=\"og:image\" content=\"https:\/\/powertowers.com\/wp-content\/uploads\/2023\/03\/Data-Center-World-2020-scaled-1.jpg\" \/>\n\t<meta property=\"og:image:width\" content=\"1536\" \/>\n\t<meta property=\"og:image:height\" content=\"691\" \/>\n\t<meta property=\"og:image:type\" content=\"image\/jpeg\" \/>\n<meta name=\"author\" content=\"Yulia Lubetska\" \/>\n<meta name=\"twitter:card\" content=\"summary_large_image\" \/>\n<meta name=\"twitter:label1\" content=\"Napsal(a)\" \/>\n\t<meta name=\"twitter:data1\" content=\"Yulia Lubetska\" \/>\n\t<meta name=\"twitter:label2\" content=\"Odhadovan\u00e1 doba \u010dten\u00ed\" \/>\n\t<meta name=\"twitter:data2\" content=\"2 minuty\" \/>\n<script type=\"application\/ld+json\" class=\"yoast-schema-graph\">{\"@context\":\"https:\\\/\\\/schema.org\",\"@graph\":[{\"@type\":\"Article\",\"@id\":\"https:\\\/\\\/powertowers.com\\\/pt\\\/o-peco-dc-foi-apresentado-no-data-center-world\\\/#article\",\"isPartOf\":{\"@id\":\"https:\\\/\\\/powertowers.com\\\/pt\\\/o-peco-dc-foi-apresentado-no-data-center-world\\\/\"},\"author\":{\"name\":\"Yulia Lubetska\",\"@id\":\"https:\\\/\\\/powertowers.com\\\/nl\\\/#\\\/schema\\\/person\\\/ca50278783201f2c9e8e7d2f99f59804\"},\"headline\":\"Peco DC was presented at Data Center World\",\"datePublished\":\"2023-03-15T09:57:26+00:00\",\"dateModified\":\"2023-03-15T10:36:05+00:00\",\"mainEntityOfPage\":{\"@id\":\"https:\\\/\\\/powertowers.com\\\/pt\\\/o-peco-dc-foi-apresentado-no-data-center-world\\\/\"},\"wordCount\":335,\"commentCount\":0,\"publisher\":{\"@id\":\"https:\\\/\\\/powertowers.com\\\/nl\\\/#organization\"},\"image\":{\"@id\":\"https:\\\/\\\/powertowers.com\\\/pt\\\/o-peco-dc-foi-apresentado-no-data-center-world\\\/#primaryimage\"},\"thumbnailUrl\":\"https:\\\/\\\/powertowers.com\\\/wp-content\\\/uploads\\\/2023\\\/03\\\/Data-Center-World-2020-scaled-1.jpg\",\"articleSection\":[\"Power Towers\"],\"inLanguage\":\"cs\",\"potentialAction\":[{\"@type\":\"CommentAction\",\"name\":\"Comment\",\"target\":[\"https:\\\/\\\/powertowers.com\\\/pt\\\/o-peco-dc-foi-apresentado-no-data-center-world\\\/#respond\"]}]},{\"@type\":\"WebPage\",\"@id\":\"https:\\\/\\\/powertowers.com\\\/pt\\\/o-peco-dc-foi-apresentado-no-data-center-world\\\/\",\"url\":\"https:\\\/\\\/powertowers.com\\\/pt\\\/o-peco-dc-foi-apresentado-no-data-center-world\\\/\",\"name\":\"Peco DC was presented at Data Center World - Power Towers\",\"isPartOf\":{\"@id\":\"https:\\\/\\\/powertowers.com\\\/nl\\\/#website\"},\"primaryImageOfPage\":{\"@id\":\"https:\\\/\\\/powertowers.com\\\/pt\\\/o-peco-dc-foi-apresentado-no-data-center-world\\\/#primaryimage\"},\"image\":{\"@id\":\"https:\\\/\\\/powertowers.com\\\/pt\\\/o-peco-dc-foi-apresentado-no-data-center-world\\\/#primaryimage\"},\"thumbnailUrl\":\"https:\\\/\\\/powertowers.com\\\/wp-content\\\/uploads\\\/2023\\\/03\\\/Data-Center-World-2020-scaled-1.jpg\",\"datePublished\":\"2023-03-15T09:57:26+00:00\",\"dateModified\":\"2023-03-15T10:36:05+00:00\",\"description\":\"Peco DC was presented at Data Center World event in London. The product was designed specifically to fit narrow rack aisles in data centers.\",\"breadcrumb\":{\"@id\":\"https:\\\/\\\/powertowers.com\\\/pt\\\/o-peco-dc-foi-apresentado-no-data-center-world\\\/#breadcrumb\"},\"inLanguage\":\"cs\",\"potentialAction\":[{\"@type\":\"ReadAction\",\"target\":[\"https:\\\/\\\/powertowers.com\\\/pt\\\/o-peco-dc-foi-apresentado-no-data-center-world\\\/\"]}]},{\"@type\":\"ImageObject\",\"inLanguage\":\"cs\",\"@id\":\"https:\\\/\\\/powertowers.com\\\/pt\\\/o-peco-dc-foi-apresentado-no-data-center-world\\\/#primaryimage\",\"url\":\"https:\\\/\\\/powertowers.com\\\/wp-content\\\/uploads\\\/2023\\\/03\\\/Data-Center-World-2020-scaled-1.jpg\",\"contentUrl\":\"https:\\\/\\\/powertowers.com\\\/wp-content\\\/uploads\\\/2023\\\/03\\\/Data-Center-World-2020-scaled-1.jpg\",\"width\":1536,\"height\":691,\"caption\":\"Data Center World event\"},{\"@type\":\"BreadcrumbList\",\"@id\":\"https:\\\/\\\/powertowers.com\\\/pt\\\/o-peco-dc-foi-apresentado-no-data-center-world\\\/#breadcrumb\",\"itemListElement\":[{\"@type\":\"ListItem\",\"position\":1,\"name\":\"Home\",\"item\":\"https:\\\/\\\/powertowers.com\\\/nl\\\/\"},{\"@type\":\"ListItem\",\"position\":2,\"name\":\"Peco DC was presented at Data Center World\"}]},{\"@type\":\"WebSite\",\"@id\":\"https:\\\/\\\/powertowers.com\\\/nl\\\/#website\",\"url\":\"https:\\\/\\\/powertowers.com\\\/nl\\\/\",\"name\":\"Power Towers\",\"description\":\"The alternative to ladders, podiums and scaffolding.\",\"publisher\":{\"@id\":\"https:\\\/\\\/powertowers.com\\\/nl\\\/#organization\"},\"potentialAction\":[{\"@type\":\"SearchAction\",\"target\":{\"@type\":\"EntryPoint\",\"urlTemplate\":\"https:\\\/\\\/powertowers.com\\\/nl\\\/?s={search_term_string}\"},\"query-input\":{\"@type\":\"PropertyValueSpecification\",\"valueRequired\":true,\"valueName\":\"search_term_string\"}}],\"inLanguage\":\"cs\"},{\"@type\":\"Organization\",\"@id\":\"https:\\\/\\\/powertowers.com\\\/nl\\\/#organization\",\"name\":\"Power Towers Ltd.\",\"url\":\"https:\\\/\\\/powertowers.com\\\/nl\\\/\",\"logo\":{\"@type\":\"ImageObject\",\"inLanguage\":\"cs\",\"@id\":\"https:\\\/\\\/powertowers.com\\\/nl\\\/#\\\/schema\\\/logo\\\/image\\\/\",\"url\":\"https:\\\/\\\/37.148.206.186\\\/wp-content\\\/uploads\\\/2021\\\/12\\\/power-towers-new-logo-outline-1024px.png\",\"contentUrl\":\"https:\\\/\\\/37.148.206.186\\\/wp-content\\\/uploads\\\/2021\\\/12\\\/power-towers-new-logo-outline-1024px.png\",\"width\":1024,\"height\":209,\"caption\":\"Power Towers Ltd.\"},\"image\":{\"@id\":\"https:\\\/\\\/powertowers.com\\\/nl\\\/#\\\/schema\\\/logo\\\/image\\\/\"}},{\"@type\":\"Person\",\"@id\":\"https:\\\/\\\/powertowers.com\\\/nl\\\/#\\\/schema\\\/person\\\/ca50278783201f2c9e8e7d2f99f59804\",\"name\":\"Yulia Lubetska\",\"image\":{\"@type\":\"ImageObject\",\"inLanguage\":\"cs\",\"@id\":\"https:\\\/\\\/secure.gravatar.com\\\/avatar\\\/b1eb6511e352ec1361b66796587d03ccf5c6ad02ce6c813d72bfa2df7938c7f1?s=96&d=mm&r=g\",\"url\":\"https:\\\/\\\/secure.gravatar.com\\\/avatar\\\/b1eb6511e352ec1361b66796587d03ccf5c6ad02ce6c813d72bfa2df7938c7f1?s=96&d=mm&r=g\",\"contentUrl\":\"https:\\\/\\\/secure.gravatar.com\\\/avatar\\\/b1eb6511e352ec1361b66796587d03ccf5c6ad02ce6c813d72bfa2df7938c7f1?s=96&d=mm&r=g\",\"caption\":\"Yulia Lubetska\"},\"url\":\"https:\\\/\\\/powertowers.com\\\/cs\\\/author\\\/yulia-pt\\\/\"}]}<\/script>\n<!-- \/ Yoast SEO plugin. -->","yoast_head_json":{"title":"Spole\u010dnost Peco DC se p\u0159edstavila na veletrhu Data Center World - Power Towers","description":"Spole\u010dnost Peco DC byla p\u0159edstavena na akci Data Center World v Lond\u00fdn\u011b. Produkt byl navr\u017een speci\u00e1ln\u011b pro \u00fazk\u00e9 uli\u010dky v datov\u00fdch centrech.","robots":{"index":"index","follow":"follow","max-snippet":"max-snippet:-1","max-image-preview":"max-image-preview:large","max-video-preview":"max-video-preview:-1"},"canonical":"https:\/\/powertowers.com\/cs\/peco-dc-bylo-predstaveno-na-veletrhu-data-center-world\/","og_locale":"cs_CZ","og_type":"article","og_title":"Peco DC was presented at Data Center World - Power Towers","og_description":"Peco DC was presented at Data Center World event in London. The product was designed specifically to fit narrow rack aisles in data centers.","og_url":"https:\/\/powertowers.com\/cs\/peco-dc-bylo-predstaveno-na-veletrhu-data-center-world\/","og_site_name":"Power Towers","article_published_time":"2023-03-15T09:57:26+00:00","article_modified_time":"2023-03-15T10:36:05+00:00","og_image":[{"width":1536,"height":691,"url":"https:\/\/powertowers.com\/wp-content\/uploads\/2023\/03\/Data-Center-World-2020-scaled-1.jpg","type":"image\/jpeg"}],"author":"Yulia Lubetska","twitter_card":"summary_large_image","twitter_misc":{"Napsal(a)":"Yulia Lubetska","Odhadovan\u00e1 doba \u010dten\u00ed":"2 minuty"},"schema":{"@context":"https:\/\/schema.org","@graph":[{"@type":"Article","@id":"https:\/\/powertowers.com\/pt\/o-peco-dc-foi-apresentado-no-data-center-world\/#article","isPartOf":{"@id":"https:\/\/powertowers.com\/pt\/o-peco-dc-foi-apresentado-no-data-center-world\/"},"author":{"name":"Yulia Lubetska","@id":"https:\/\/powertowers.com\/nl\/#\/schema\/person\/ca50278783201f2c9e8e7d2f99f59804"},"headline":"Peco DC was presented at Data Center World","datePublished":"2023-03-15T09:57:26+00:00","dateModified":"2023-03-15T10:36:05+00:00","mainEntityOfPage":{"@id":"https:\/\/powertowers.com\/pt\/o-peco-dc-foi-apresentado-no-data-center-world\/"},"wordCount":335,"commentCount":0,"publisher":{"@id":"https:\/\/powertowers.com\/nl\/#organization"},"image":{"@id":"https:\/\/powertowers.com\/pt\/o-peco-dc-foi-apresentado-no-data-center-world\/#primaryimage"},"thumbnailUrl":"https:\/\/powertowers.com\/wp-content\/uploads\/2023\/03\/Data-Center-World-2020-scaled-1.jpg","articleSection":["Power Towers"],"inLanguage":"cs","potentialAction":[{"@type":"CommentAction","name":"Comment","target":["https:\/\/powertowers.com\/pt\/o-peco-dc-foi-apresentado-no-data-center-world\/#respond"]}]},{"@type":"WebPage","@id":"https:\/\/powertowers.com\/pt\/o-peco-dc-foi-apresentado-no-data-center-world\/","url":"https:\/\/powertowers.com\/pt\/o-peco-dc-foi-apresentado-no-data-center-world\/","name":"Spole\u010dnost Peco DC se p\u0159edstavila na veletrhu Data Center World - Power Towers","isPartOf":{"@id":"https:\/\/powertowers.com\/nl\/#website"},"primaryImageOfPage":{"@id":"https:\/\/powertowers.com\/pt\/o-peco-dc-foi-apresentado-no-data-center-world\/#primaryimage"},"image":{"@id":"https:\/\/powertowers.com\/pt\/o-peco-dc-foi-apresentado-no-data-center-world\/#primaryimage"},"thumbnailUrl":"https:\/\/powertowers.com\/wp-content\/uploads\/2023\/03\/Data-Center-World-2020-scaled-1.jpg","datePublished":"2023-03-15T09:57:26+00:00","dateModified":"2023-03-15T10:36:05+00:00","description":"Spole\u010dnost Peco DC byla p\u0159edstavena na akci Data Center World v Lond\u00fdn\u011b. Produkt byl navr\u017een speci\u00e1ln\u011b pro \u00fazk\u00e9 uli\u010dky v datov\u00fdch centrech.","breadcrumb":{"@id":"https:\/\/powertowers.com\/pt\/o-peco-dc-foi-apresentado-no-data-center-world\/#breadcrumb"},"inLanguage":"cs","potentialAction":[{"@type":"ReadAction","target":["https:\/\/powertowers.com\/pt\/o-peco-dc-foi-apresentado-no-data-center-world\/"]}]},{"@type":"ImageObject","inLanguage":"cs","@id":"https:\/\/powertowers.com\/pt\/o-peco-dc-foi-apresentado-no-data-center-world\/#primaryimage","url":"https:\/\/powertowers.com\/wp-content\/uploads\/2023\/03\/Data-Center-World-2020-scaled-1.jpg","contentUrl":"https:\/\/powertowers.com\/wp-content\/uploads\/2023\/03\/Data-Center-World-2020-scaled-1.jpg","width":1536,"height":691,"caption":"Data Center World event"},{"@type":"BreadcrumbList","@id":"https:\/\/powertowers.com\/pt\/o-peco-dc-foi-apresentado-no-data-center-world\/#breadcrumb","itemListElement":[{"@type":"ListItem","position":1,"name":"Home","item":"https:\/\/powertowers.com\/nl\/"},{"@type":"ListItem","position":2,"name":"Peco DC was presented at Data Center World"}]},{"@type":"WebSite","@id":"https:\/\/powertowers.com\/nl\/#website","url":"https:\/\/powertowers.com\/nl\/","name":"Energetick\u00e9 v\u011b\u017ee","description":"Alternativa \u017eeb\u0159\u00edk\u016f, p\u00f3di\u00ed a le\u0161en\u00ed.","publisher":{"@id":"https:\/\/powertowers.com\/nl\/#organization"},"potentialAction":[{"@type":"SearchAction","target":{"@type":"EntryPoint","urlTemplate":"https:\/\/powertowers.com\/nl\/?s={search_term_string}"},"query-input":{"@type":"PropertyValueSpecification","valueRequired":true,"valueName":"search_term_string"}}],"inLanguage":"cs"},{"@type":"Organization","@id":"https:\/\/powertowers.com\/nl\/#organization","name":"Power Towers Ltd.","url":"https:\/\/powertowers.com\/nl\/","logo":{"@type":"ImageObject","inLanguage":"cs","@id":"https:\/\/powertowers.com\/nl\/#\/schema\/logo\/image\/","url":"https:\/\/37.148.206.186\/wp-content\/uploads\/2021\/12\/power-towers-new-logo-outline-1024px.png","contentUrl":"https:\/\/37.148.206.186\/wp-content\/uploads\/2021\/12\/power-towers-new-logo-outline-1024px.png","width":1024,"height":209,"caption":"Power Towers Ltd."},"image":{"@id":"https:\/\/powertowers.com\/nl\/#\/schema\/logo\/image\/"}},{"@type":"Person","@id":"https:\/\/powertowers.com\/nl\/#\/schema\/person\/ca50278783201f2c9e8e7d2f99f59804","name":"Yulia Lubetska","image":{"@type":"ImageObject","inLanguage":"cs","@id":"https:\/\/secure.gravatar.com\/avatar\/b1eb6511e352ec1361b66796587d03ccf5c6ad02ce6c813d72bfa2df7938c7f1?s=96&d=mm&r=g","url":"https:\/\/secure.gravatar.com\/avatar\/b1eb6511e352ec1361b66796587d03ccf5c6ad02ce6c813d72bfa2df7938c7f1?s=96&d=mm&r=g","contentUrl":"https:\/\/secure.gravatar.com\/avatar\/b1eb6511e352ec1361b66796587d03ccf5c6ad02ce6c813d72bfa2df7938c7f1?s=96&d=mm&r=g","caption":"Yulia Lubetska"},"url":"https:\/\/powertowers.com\/cs\/author\/yulia-pt\/"}]}},"_links":{"self":[{"href":"https:\/\/powertowers.com\/cs\/wp-json\/wp\/v2\/posts\/3041","targetHints":{"allow":["GET"]}}],"collection":[{"href":"https:\/\/powertowers.com\/cs\/wp-json\/wp\/v2\/posts"}],"about":[{"href":"https:\/\/powertowers.com\/cs\/wp-json\/wp\/v2\/types\/post"}],"author":[{"embeddable":true,"href":"https:\/\/powertowers.com\/cs\/wp-json\/wp\/v2\/users\/5"}],"replies":[{"embeddable":true,"href":"https:\/\/powertowers.com\/cs\/wp-json\/wp\/v2\/comments?post=3041"}],"version-history":[{"count":4,"href":"https:\/\/powertowers.com\/cs\/wp-json\/wp\/v2\/posts\/3041\/revisions"}],"predecessor-version":[{"id":3051,"href":"https:\/\/powertowers.com\/cs\/wp-json\/wp\/v2\/posts\/3041\/revisions\/3051"}],"wp:featuredmedia":[{"embeddable":true,"href":"https:\/\/powertowers.com\/cs\/wp-json\/wp\/v2\/media\/3049"}],"wp:attachment":[{"href":"https:\/\/powertowers.com\/cs\/wp-json\/wp\/v2\/media?parent=3041"}],"wp:term":[{"taxonomy":"category","embeddable":true,"href":"https:\/\/powertowers.com\/cs\/wp-json\/wp\/v2\/categories?post=3041"},{"taxonomy":"post_tag","embeddable":true,"href":"https:\/\/powertowers.com\/cs\/wp-json\/wp\/v2\/tags?post=3041"}],"curies":[{"name":"wp","href":"https:\/\/api.w.org\/{rel}","templated":true}]}}